{"id":10927,"date":"2026-04-04T04:28:39","date_gmt":"2026-04-04T04:28:39","guid":{"rendered":"https:\/\/deliry.com\/?p=10927"},"modified":"2026-04-13T18:24:00","modified_gmt":"2026-04-13T18:24:00","slug":"reptiles","status":"publish","type":"post","link":"https:\/\/deliry.com\/?p=10927","title":{"rendered":"Reptiles"},"content":{"rendered":"\n<blockquote class=\"wp-block-quote is-layout-flow wp-block-quote-is-layout-flow\">\n<p><a href=\"https:\/\/deliry.com\/?p=9836\" data-type=\"post\" data-id=\"9836\">Faune<\/a> > <a href=\"https:\/\/deliry.com\/?p=11324\" data-type=\"post\" data-id=\"11324\">Vert\u00e9br\u00e9s<\/a><\/p>\n<\/blockquote>\n\n\n\n<figure class=\"wp-block-embed is-type-wp-embed is-provider-histoires-naturelles wp-block-embed-histoires-naturelles\"><div class=\"wp-block-embed__wrapper\">\n<blockquote class=\"wp-embedded-content\" data-secret=\"YberKLvtjx\"><a href=\"https:\/\/deliry.com\/?page_id=10066\">Oiseaux ou Reptiles aviens<\/a><\/blockquote><iframe loading=\"lazy\" class=\"wp-embedded-content\" sandbox=\"allow-scripts\" security=\"restricted\" style=\"position: absolute; visibility: hidden;\" title=\"\u00ab\u00a0Oiseaux ou Reptiles aviens\u00a0\u00bb &#8212; Histoires Naturelles\" src=\"https:\/\/deliry.com\/?page_id=10066&#038;embed=true#?secret=N846AMFPaf#?secret=YberKLvtjx\" data-secret=\"YberKLvtjx\" width=\"600\" height=\"338\" frameborder=\"0\" marginwidth=\"0\" marginheight=\"0\" scrolling=\"no\"><\/iframe>\n<\/div><\/figure>\n\n\n\n<hr class=\"wp-block-separator has-alpha-channel-opacity is-style-wide\"\/>\n\n\n\n<p class=\"has-vivid-purple-color has-text-color has-link-color has-medium-font-size wp-elements-21d0730622c87221e9ed6c2b1db01c10\">Orvet de V\u00e9rone (<em>Anguis veronensis &#8211; Anguidae<\/em>)<\/p>\n\n\n\n<ul class=\"wp-block-list\">\n<li>On a r\u00e9cemment distingu\u00e9 cette esp\u00e8ce en France, localis\u00e9e, mais r\u00e9pandue dans les Alpes-Maritimes.<\/li>\n<\/ul>\n\n\n\n<p class=\"has-vivid-purple-color has-text-color has-link-color has-medium-font-size wp-elements-96754f46545d0b7c8856b399a97aa0c4\">Orvet fragile (<em>Anguis fragilis &#8211; Anguidae<\/em>)<\/p>\n\n\n\n<ul class=\"wp-block-list\">\n<li>On a r\u00e9cemment distingu\u00e9 <em>Anguis veronensis <\/em>dans le Sud-Est de la France et plus pr\u00e9cis\u00e9ment dans les Alpes-Maritimes.<\/li>\n<\/ul>\n","protected":false},"excerpt":{"rendered":"<p>Faune > Vert\u00e9br\u00e9s Orvet de V\u00e9rone (Anguis veronensis &#8211; Anguidae) Orvet fragile (Anguis fragilis &#8211; Anguidae)<\/p>\n","protected":false},"author":1,"featured_media":0,"comment_status":"closed","ping_status":"closed","sticky":false,"template":"","format":"standard","meta":{"footnotes":""},"categories":[451,1,483],"tags":[],"class_list":["post-10927","post","type-post","status-publish","format-standard","hentry","category-faune","category-maintenance","category-reptiles"],"_links":{"self":[{"href":"https:\/\/deliry.com\/index.php?rest_route=\/wp\/v2\/posts\/10927","targetHints":{"allow":["GET"]}}],"collection":[{"href":"https:\/\/deliry.com\/index.php?rest_route=\/wp\/v2\/posts"}],"about":[{"href":"https:\/\/deliry.com\/index.php?rest_route=\/wp\/v2\/types\/post"}],"author":[{"embeddable":true,"href":"https:\/\/deliry.com\/index.php?rest_route=\/wp\/v2\/users\/1"}],"replies":[{"embeddable":true,"href":"https:\/\/deliry.com\/index.php?rest_route=%2Fwp%2Fv2%2Fcomments&post=10927"}],"version-history":[{"count":5,"href":"https:\/\/deliry.com\/index.php?rest_route=\/wp\/v2\/posts\/10927\/revisions"}],"predecessor-version":[{"id":11338,"href":"https:\/\/deliry.com\/index.php?rest_route=\/wp\/v2\/posts\/10927\/revisions\/11338"}],"wp:attachment":[{"href":"https:\/\/deliry.com\/index.php?rest_route=%2Fwp%2Fv2%2Fmedia&parent=10927"}],"wp:term":[{"taxonomy":"category","embeddable":true,"href":"https:\/\/deliry.com\/index.php?rest_route=%2Fwp%2Fv2%2Fcategories&post=10927"},{"taxonomy":"post_tag","embeddable":true,"href":"https:\/\/deliry.com\/index.php?rest_route=%2Fwp%2Fv2%2Ftags&post=10927"}],"curies":[{"name":"wp","href":"https:\/\/api.w.org\/{rel}","templated":true}]}}