{"id":10956,"date":"2026-04-04T04:59:43","date_gmt":"2026-04-04T04:59:43","guid":{"rendered":"https:\/\/deliry.com\/?p=10956"},"modified":"2026-04-13T15:09:05","modified_gmt":"2026-04-13T15:09:05","slug":"flore-de-lisle-cremieu","status":"publish","type":"post","link":"https:\/\/deliry.com\/?p=10956","title":{"rendered":"Flore de l&rsquo;Isle Cr\u00e9mieu"},"content":{"rendered":"\n<blockquote class=\"wp-block-quote is-layout-flow wp-block-quote-is-layout-flow\">\n<p><a href=\"https:\/\/deliry.com\/?p=1229\" data-type=\"post\" data-id=\"1229\">Flore<\/a> &#8211; <a href=\"https:\/\/deliry.com\/?page_id=9950\" data-type=\"page\" data-id=\"9950\">Is\u00e8re<\/a> &gt; <a href=\"https:\/\/deliry.com\/?page_id=9951\" data-type=\"page\" data-id=\"9951\">Isle Cr\u00e9mieu<\/a><\/p>\n<\/blockquote>\n\n\n\n<blockquote class=\"wp-block-quote is-layout-flow wp-block-quote-is-layout-flow\">\n<p><\/p>\n<\/blockquote>\n\n\n<div class=\"wp-block-image\">\n<figure class=\"alignright size-full\"><a href=\"https:\/\/deliry.com\/pdf\/fic.pdf\"><img loading=\"lazy\" decoding=\"async\" width=\"212\" height=\"300\" src=\"https:\/\/deliry.com\/wp-content\/uploads\/2026\/03\/Flore2004.jpg\" alt=\"\" class=\"wp-image-10007\"\/><\/a><\/figure>\n<\/div>\n\n\n<p class=\"has-very-light-gray-to-cyan-bluish-gray-gradient-background has-background\"><strong>Deliry C., Grangier C. &amp; Quesada R. 2004<\/strong>&nbsp;&#8211;<em> Catalogue des plantes vasculaires de l\u2019Isle Cr\u00e9mieu.<\/em> &#8211; Ed. Assoc. Nature Nord Is\u00e8re, Lo Parvi, St Chef&nbsp;: XC + 358 pp. &#8211;&nbsp;<a href=\"https:\/\/deliry.com\/pdf\/fic.pdf\" target=\"_blank\" rel=\"noreferrer noopener\">PDF<\/a><\/p>\n\n\n\n<p><strong>Erratum<\/strong>&nbsp;: p. XIII &#8211; Parmi les esp\u00e8ces prot\u00e9g\u00e9es au niveau national remplacer&nbsp;<em>Leucojum vernum<\/em>&nbsp;L. en 2\u00e8me colonne par&nbsp;<em>Leucojum aestivum<\/em>&nbsp;L., par contre&nbsp;<em>Leucojum vernum<\/em>&nbsp;L. reste prot\u00e9g\u00e9e par une cueillette r\u00e9glement\u00e9e en Is\u00e8re (p. XIV)&nbsp;; le nombre de 99 esp\u00e8ces prot\u00e9g\u00e9es reste correct. \u2022 p. XXIV &#8211; 2\u00e8me citation de&nbsp;<em>Leucojum vernum<\/em>&nbsp;L. dans le tableau correspond \u00e0&nbsp;<em>Leucojum aestivum<\/em>&nbsp;L. \u2022 p. LXIII &#8211;&nbsp;<em>Leucojum vernum<\/em>&nbsp;L. &#8211; 2912 &gt;&nbsp;<em>Leucojum aestivum<\/em>&nbsp;L. &#8211; 2912<\/p>\n\n\n\n<hr class=\"wp-block-separator has-alpha-channel-opacity is-style-wide\"\/>\n\n\n\n<p><strong>De nouvelles esp\u00e8ces&#8230;<\/strong><\/p>\n\n\n\n<ul class=\"wp-block-list\">\n<li><em>Blechnum spicant<\/em>&nbsp;&#8211;&nbsp;Pt\u00e9ridophytes&nbsp;(Blechnac\u00e9es) &#8211; Faverges de la Tour. D\u00e9couverte en 2018.<\/li>\n\n\n\n<li><em>Eleusine tristachya<\/em>&nbsp;&#8211;&nbsp;Angiospermes&nbsp;(Poac\u00e9es) &#8211; D\u00e9couverte en 2017.<\/li>\n\n\n\n<li><em>Laserpitium latifolium<\/em>&nbsp;&#8211;&nbsp;Angiospermes&nbsp;(Apiac\u00e9es) &#8211; Vertrieu\/Parmilieu. D\u00e9couverte en 2018.<\/li>\n\n\n\n<li><em>Lemna polyrhiza<\/em>&nbsp;&#8211;&nbsp;Angiospermes&nbsp;(Arac\u00e9es) &#8211; Aoste. D\u00e9couverte en 2017.<\/li>\n\n\n\n<li><em>Myriophyllum aquaticum<\/em>&nbsp;&#8211;&nbsp;Angiospermes&nbsp;(Haloragac\u00e9es) &#8211; St Jean de Soudain. D\u00e9couverte en 2017.<\/li>\n\n\n\n<li><em>Oenothera parviflora<\/em>&nbsp;&#8211;&nbsp;Angiospermes&nbsp;&#8211; Anthon. D\u00e9couverte en 2004.<\/li>\n\n\n\n<li><em>Phedimus spurius<\/em>&nbsp;&#8211;&nbsp;Angiospermes&nbsp;(Crassulac\u00e9es) &#8211; St Baudille de la Tour, Creys M\u00e9pieu. D\u00e9couverte vers 2019.<\/li>\n\n\n\n<li><em>Pimpinella major<\/em>&nbsp;&#8211;&nbsp;Angiospermes&nbsp;(Apiac\u00e9es) &#8211; Les Aveni\u00e8res. D\u00e9couverte en 2017.<\/li>\n\n\n\n<li><em>Ranunculus penicillatus<\/em>&nbsp;&#8211;&nbsp;Angiospermes&nbsp;(Renonculac\u00e9es) &#8211; La Bourbre. D\u00e9couverte en 2017.<\/li>\n\n\n\n<li><em>Scutellaria minor<\/em>&nbsp;&#8211;&nbsp;Angiospermes&nbsp;(Lamiac\u00e9es) &#8211; St Jean de Soudain. Indiqu\u00e9e en 1872 et red\u00e9couverte en 2017.<\/li>\n\n\n\n<li><em>Trigonella altissima<\/em>&nbsp;&#8211;&nbsp;Angiospermes&nbsp;(Fabac\u00e9es) &#8211; Brangues. D\u00e9couverte en 2017.<\/li>\n<\/ul>\n\n\n<div class=\"wp-block-image\">\n<figure class=\"aligncenter size-full is-resized\"><a href=\"https:\/\/deliry.com\/wp-content\/uploads\/2026\/04\/Blespi.jpg\"><img loading=\"lazy\" decoding=\"async\" width=\"800\" height=\"600\" src=\"https:\/\/deliry.com\/wp-content\/uploads\/2026\/04\/Blespi.jpg\" alt=\"\" class=\"wp-image-10960\" style=\"width:640px\" srcset=\"https:\/\/deliry.com\/wp-content\/uploads\/2026\/04\/Blespi.jpg 800w, https:\/\/deliry.com\/wp-content\/uploads\/2026\/04\/Blespi-300x225.jpg 300w, https:\/\/deliry.com\/wp-content\/uploads\/2026\/04\/Blespi-768x576.jpg 768w\" sizes=\"auto, (max-width: 800px) 100vw, 800px\" \/><\/a><figcaption class=\"wp-element-caption\"><em>Blechnum spicant<\/em><br><sup>\u00a9\u00a9 bysa &#8211; Hans Hillewaert &#8211; Wikimedia commons<\/sup><\/figcaption><\/figure>\n<\/div>\n\n\n<hr class=\"wp-block-separator has-alpha-channel-opacity is-style-wide\"\/>\n\n\n\n<ul class=\"wp-block-list\">\n<li><strong>Chamberaud P. 2019<\/strong>\u00a0&#8211; Actualisation de la r\u00e9partition des Foug\u00e8res en Isle Cr\u00e9mieu. &#8211; <em>Lo Parvi,<\/em> 26.<\/li>\n\n\n\n<li><strong>Deliry C. 1995<\/strong>\u00a0&#8211;\u00a0<em>Cl\u00e9 des \u00ab\u00a0Foug\u00e8res\u00a0\u00bb de l&rsquo;Isle Cr\u00e9mieu.<\/em>\u00a0&#8211; Document.<\/li>\n\n\n\n<li><strong>Deliry C. 1995<\/strong>\u00a0&#8211; Les Foug\u00e8res et plantes alli\u00e9es de l&rsquo;Isle Cr\u00e9mieu. &#8211;\u00a0<em>Lo Parvi,<\/em>\u00a05.<\/li>\n\n\n\n<li><strong>Deliry C., Grangier C. &amp; Quesada R. 2004<\/strong>\u00a0&#8211;\u00a0<em>Catalogue des plantes vasculaires de l\u2019Isle Cr\u00e9mieu.<\/em>\u00a0&#8211; Ed. Assoc. Nature Nord Is\u00e8re, Lo Parvi, St Chef\u00a0: XC + 358 pp. &#8211;\u00a0<a href=\"https:\/\/deliry.com\/pdf\/fic.pdf\" target=\"_blank\" rel=\"noreferrer noopener\">PDF<\/a><\/li>\n\n\n\n<li><strong>Grangier C. 2017<\/strong>\u00a0&#8211; Ces plantes venues d\u2019ailleurs. &#8211; <em>Lo Parvi, <\/em>25.<\/li>\n\n\n\n<li><strong>Roux A. 2017<\/strong>\u00a0&#8211; Les Orobanches de l\u2019Isle Cr\u00e9mieu. &#8211; <em>Lo Parvi, <\/em>25.<\/li>\n<\/ul>\n","protected":false},"excerpt":{"rendered":"<p>Flore &#8211; Is\u00e8re &gt; Isle Cr\u00e9mieu Deliry C., Grangier C. &amp; Quesada R. 2004&nbsp;&#8211; Catalogue des plantes vasculaires de l\u2019Isle Cr\u00e9mieu. &#8211; Ed. Assoc. Nature &hellip; <\/p>\n","protected":false},"author":1,"featured_media":0,"comment_status":"closed","ping_status":"closed","sticky":false,"template":"","format":"standard","meta":{"footnotes":""},"categories":[274,328,473,1,368],"tags":[],"class_list":["post-10956","post","type-post","status-publish","format-standard","hentry","category-flore","category-isere","category-isle-cremieu","category-maintenance","category-ouvrages-et-revues"],"_links":{"self":[{"href":"https:\/\/deliry.com\/index.php?rest_route=\/wp\/v2\/posts\/10956","targetHints":{"allow":["GET"]}}],"collection":[{"href":"https:\/\/deliry.com\/index.php?rest_route=\/wp\/v2\/posts"}],"about":[{"href":"https:\/\/deliry.com\/index.php?rest_route=\/wp\/v2\/types\/post"}],"author":[{"embeddable":true,"href":"https:\/\/deliry.com\/index.php?rest_route=\/wp\/v2\/users\/1"}],"replies":[{"embeddable":true,"href":"https:\/\/deliry.com\/index.php?rest_route=%2Fwp%2Fv2%2Fcomments&post=10956"}],"version-history":[{"count":3,"href":"https:\/\/deliry.com\/index.php?rest_route=\/wp\/v2\/posts\/10956\/revisions"}],"predecessor-version":[{"id":10963,"href":"https:\/\/deliry.com\/index.php?rest_route=\/wp\/v2\/posts\/10956\/revisions\/10963"}],"wp:attachment":[{"href":"https:\/\/deliry.com\/index.php?rest_route=%2Fwp%2Fv2%2Fmedia&parent=10956"}],"wp:term":[{"taxonomy":"category","embeddable":true,"href":"https:\/\/deliry.com\/index.php?rest_route=%2Fwp%2Fv2%2Fcategories&post=10956"},{"taxonomy":"post_tag","embeddable":true,"href":"https:\/\/deliry.com\/index.php?rest_route=%2Fwp%2Fv2%2Ftags&post=10956"}],"curies":[{"name":"wp","href":"https:\/\/api.w.org\/{rel}","templated":true}]}}