{"id":11520,"date":"2026-04-23T13:04:47","date_gmt":"2026-04-23T13:04:47","guid":{"rendered":"https:\/\/deliry.com\/?p=11520"},"modified":"2026-04-23T19:02:14","modified_gmt":"2026-04-23T19:02:14","slug":"des-fondations-faites-pour-durer-et-se-developper","status":"publish","type":"post","link":"https:\/\/deliry.com\/?p=11520","title":{"rendered":"Innover pour conna\u00eetre et prot\u00e9ger : d\u00e9marche exp\u00e9rimentale du GRPLS"},"content":{"rendered":"<div class=\"wp-block-image\">\n<figure class=\"alignright size-full is-resized\"><img loading=\"lazy\" decoding=\"async\" width=\"400\" height=\"400\" src=\"https:\/\/deliry.com\/wp-content\/uploads\/2025\/12\/Sympetrum40ans-1.png\" alt=\"\" class=\"wp-image-7961\" style=\"width:280px\" srcset=\"https:\/\/deliry.com\/wp-content\/uploads\/2025\/12\/Sympetrum40ans-1.png 400w, https:\/\/deliry.com\/wp-content\/uploads\/2025\/12\/Sympetrum40ans-1-300x300.png 300w, https:\/\/deliry.com\/wp-content\/uploads\/2025\/12\/Sympetrum40ans-1-150x150.png 150w\" sizes=\"auto, (max-width: 400px) 100vw, 400px\" \/><figcaption class=\"wp-element-caption\"><a href=\"https:\/\/deliry.com\/?p=7950\" data-type=\"post\" data-id=\"7950\">Il y a 40 ans naissait le Groupe Sympetrum<\/a><\/figcaption><\/figure>\n<\/div>\n\n\n<p class=\"has-very-light-gray-to-cyan-bluish-gray-gradient-background has-background\" style=\"font-size:25px\">Un h\u00e9ritage exceptionnel : celui de Charles Degrange (1926-2023)<\/p>\n\n\n<div class=\"wp-block-image\">\n<figure class=\"alignleft size-large is-resized\"><a href=\"https:\/\/deliry.com\/wp-content\/uploads\/2026\/04\/20260423_152452.png\"><img loading=\"lazy\" decoding=\"async\" width=\"670\" height=\"1024\" src=\"https:\/\/deliry.com\/wp-content\/uploads\/2026\/04\/20260423_152452-670x1024.png\" alt=\"\" class=\"wp-image-11650\" style=\"width:300px\" srcset=\"https:\/\/deliry.com\/wp-content\/uploads\/2026\/04\/20260423_152452-670x1024.png 670w, https:\/\/deliry.com\/wp-content\/uploads\/2026\/04\/20260423_152452-196x300.png 196w, https:\/\/deliry.com\/wp-content\/uploads\/2026\/04\/20260423_152452-768x1173.png 768w, https:\/\/deliry.com\/wp-content\/uploads\/2026\/04\/20260423_152452-1005x1536.png 1005w, https:\/\/deliry.com\/wp-content\/uploads\/2026\/04\/20260423_152452-1340x2048.png 1340w, https:\/\/deliry.com\/wp-content\/uploads\/2026\/04\/20260423_152452.png 1671w\" sizes=\"auto, (max-width: 670px) 100vw, 670px\" \/><\/a><figcaption class=\"wp-element-caption\">Montage depuis Degrange &amp; Seassau (1970)<\/figcaption><\/figure>\n<\/div>\n\n\n<p><strong>Alors que l&rsquo;association n&rsquo;\u00e9tait pas encore fond\u00e9e<\/strong>, un nouveau travail sur les Odonates, insectes aussi d\u00e9sign\u00e9es de mani\u00e8re r\u00e9sum\u00e9e sous le nom de Libellules, avait commenc\u00e9 au sein d&rsquo;une petite \u00e9quipe motiv\u00e9e, centr\u00e9e sur la proche r\u00e9gion de Grenoble. Parfois nous pouvions nous rencontrer presque chaque semaine et progressivement nous montions nos premiers projets et les bases des activit\u00e9s du GRPLS. Une liste des Odonates du d\u00e9partement de l&rsquo;Is\u00e8re avait rapidement \u00e9t\u00e9 soumise \u00e0 Charles Degrange, qui l&rsquo;annota et la compl\u00e9ta. Il r\u00e9alisa un gros travail d&rsquo;extraction de ses notes de terrain et posa les bases essentielles de l&rsquo;histoire de l&rsquo;odonatologie r\u00e9gionale et au-del\u00e0, notamment gr\u00e2ce \u00e0 de pr\u00e9cieuses informations, par exemple sur les Alpes-Maritimes. L\u2019ensemble \u00e9tait consign\u00e9 sur des fiches papier r\u00e9dig\u00e9es de la main de mon professeur de l\u2019Universit\u00e9 de Grenoble. Nous avions trouv\u00e9 une passion commune. Les travaux de Charles Degrange sont pr\u00e9cieux pour la connaissance de l&rsquo;histoire des Odonates ; il publia sur le sujet divers articles entre les ann\u00e9es 1960 et 1980<sup data-fn=\"84ef557a-c6dc-43eb-a467-f4e78465ff24\" class=\"fn\"><a href=\"#84ef557a-c6dc-43eb-a467-f4e78465ff24\" id=\"84ef557a-c6dc-43eb-a467-f4e78465ff24-link\">1<\/a><\/sup>. Nous avons essay\u00e9 de prendre avec toutes nos maladresses et qualit\u00e9s la suite. Il reprit alors ses travaux sur les \u00c9ph\u00e9m\u00e8res qu&rsquo;il n&rsquo;avait pu jusqu&rsquo;alors finaliser. Je me souviens notamment d&rsquo;une discussion dans son bureau \u00e0 Saint-Martin-d&rsquo;H\u00e8res sur l&rsquo;\u00e9tymologie de l&rsquo;\u00e9pith\u00e8te de <em>Rhithrogena gratianopolitana<\/em> Sowa, Degrange &amp; Sartori, 1986<sup data-fn=\"6a081540-98e7-46a3-b16b-941bead66ec1\" class=\"fn\"><a href=\"#6a081540-98e7-46a3-b16b-941bead66ec1\" id=\"6a081540-98e7-46a3-b16b-941bead66ec1-link\">2<\/a><\/sup>, d\u00e9di\u00e9e \u00e0 Grenoble.<\/p>\n\n\n\n<p>De notre c\u00f4t\u00e9, faute d\u2019outils informatiques adapt\u00e9s \u00e0 l\u2019\u00e9poque, nous avions mis en place des fiches papier permettant de suivre la ph\u00e9nologie des esp\u00e8ces en fonction des localit\u00e9s. Il s\u2019agissait de marquer de petits carr\u00e9s dans un calendrier pr\u00e9format\u00e9 afin de rendre compte de la qualit\u00e9 des informations collect\u00e9es sur le terrain. L\u2019importance de la transmission des connaissances primant sur la standardisation des supports, nous avons ensuite accept\u00e9 des formats vari\u00e9s : fiches ou absence de fiches, photocopies de carnets de terrain, notes personnelles, photographies annot\u00e9es, etc. David Loose et moi-m\u00eame avons principalement \u0153uvr\u00e9 \u00e0 organiser cet <strong>ensemble h\u00e9t\u00e9rog\u00e8ne de donn\u00e9es<\/strong>, afin de rendre les donn\u00e9es plus structur\u00e9es et comparables. Je reviendrai ult\u00e9rieurement sur la question essentielle des donn\u00e9es odonatologiques.<\/p>\n\n\n\n<p class=\"has-very-light-gray-to-cyan-bluish-gray-gradient-background has-background\" style=\"font-size:25px\">Le GRPLS, une initiative pionni\u00e8re (1986)<\/p>\n\n\n\n<div class=\"wp-block-group has-very-light-gray-to-cyan-bluish-gray-gradient-background has-background\"><div class=\"wp-block-group__inner-container is-layout-constrained wp-block-group-is-layout-constrained\">\n<p>20 janvier 2026 &#8211; Premier article &#8211; <a href=\"https:\/\/deliry.com\/?p=8389\" data-type=\"post\" data-id=\"8389\">1986 &#8211; Naissance du GRPLS<\/a><\/p>\n\n\n\n<figure class=\"wp-block-embed is-type-wp-embed is-provider-histoires-naturelles wp-block-embed-histoires-naturelles\"><div class=\"wp-block-embed__wrapper\">\n<blockquote class=\"wp-embedded-content\" data-secret=\"ahxaFStnbf\"><a href=\"https:\/\/deliry.com\/?p=8389\">1986 \u2013 Naissance du GRPLS<\/a><\/blockquote><iframe loading=\"lazy\" class=\"wp-embedded-content\" sandbox=\"allow-scripts\" security=\"restricted\" style=\"position: absolute; visibility: hidden;\" title=\"\u00ab\u00a01986 \u2013 Naissance du GRPLS\u00a0\u00bb &#8212; Histoires Naturelles\" src=\"https:\/\/deliry.com\/?p=8389&#038;embed=true#?secret=oEp21ktylw#?secret=ahxaFStnbf\" data-secret=\"ahxaFStnbf\" width=\"600\" height=\"338\" frameborder=\"0\" marginwidth=\"0\" marginheight=\"0\" scrolling=\"no\"><\/iframe>\n<\/div><\/figure>\n<\/div><\/div>\n\n\n\n<p>Fond\u00e9 en 1986, le GRPLS<sup data-fn=\"9a135f62-42de-4e19-b54d-9c72f5b8697d\" class=\"fn\"><a href=\"#9a135f62-42de-4e19-b54d-9c72f5b8697d\" id=\"9a135f62-42de-4e19-b54d-9c72f5b8697d-link\">3<\/a><\/sup> constitue la <strong>premi\u00e8re association fran\u00e7aise sp\u00e9cifiquement d\u00e9di\u00e9e aux odonates<\/strong>. Lors de sa cr\u00e9ation, en d\u00e9cembre 1986, aucune autre structure associative n\u2019existait en France sur ce sujet. Ses activit\u00e9s concernaient initialement les trois d\u00e9partements du nord des Alpes fran\u00e7aises : l\u2019Is\u00e8re, la Savoie et la Haute-Savoie. Une organisation territoriale informelle s\u2019est rapidement mise en place : mon ami David Loose assurait l\u2019animation et la coordination des activit\u00e9s en Is\u00e8re, tandis que j\u2019organisais les miennes entre l\u2019universit\u00e9 de Grenoble et Annecy-le-Vieux, la Savoie assurant une continuit\u00e9 g\u00e9ographique avec la Haute-Savoie. Cette r\u00e9partition pr\u00e9figurait des coordinations d\u00e9partementales. En septembre 1987, j\u2019effectuais ma premi\u00e8re rentr\u00e9e en tant qu\u2019enseignant de biologie-g\u00e9ologie au lyc\u00e9e des Eaux Claires \u00e0 Grenoble ; en 2026, j\u2019exerce dans un \u00e9tablissement situ\u00e9 \u00e0 Niort dans les Deux-S\u00e8vres. Au fil des ann\u00e9es, d\u2019autres structures consacr\u00e9es \u00e0 l\u2019\u00e9tude des odonates ont \u00e9t\u00e9 cr\u00e9\u00e9es en France : la Soci\u00e9t\u00e9 fran\u00e7aise d\u2019Odonatologie (SfO), fond\u00e9e en 1991 sur la base d\u2019activit\u00e9s initi\u00e9es d\u00e8s 1982 et dissoute en 2019<sup data-fn=\"f844cc79-8d6c-407f-8c38-7a1012c2c307\" class=\"fn\"><a href=\"#f844cc79-8d6c-407f-8c38-7a1012c2c307\" id=\"f844cc79-8d6c-407f-8c38-7a1012c2c307-link\">4<\/a><\/sup> ; la Soci\u00e9t\u00e9 Limousine d\u2019Odonatologie (SLO)<sup data-fn=\"018f4093-cc96-4a26-9040-37dbfc79acc4\" class=\"fn\"><a href=\"#018f4093-cc96-4a26-9040-37dbfc79acc4\" id=\"018f4093-cc96-4a26-9040-37dbfc79acc4-link\">5<\/a><\/sup>, cr\u00e9\u00e9e en 1993 ; et le Groupe Odonat&rsquo;Auvergne, fond\u00e9 en 2014<sup data-fn=\"503f1486-1743-4b77-accb-299fb50f2701\" class=\"fn\"><a href=\"#503f1486-1743-4b77-accb-299fb50f2701\" id=\"503f1486-1743-4b77-accb-299fb50f2701-link\">6<\/a><\/sup>. Par ailleurs, des groupes sp\u00e9cialis\u00e9s se sont d\u00e9velopp\u00e9s au sein d\u2019autres structures, comme le Groupe odonates Haute-Savoie anim\u00e9 par FNE Haute-Savoie en partenariat avec le GRPLS depuis 2016<sup data-fn=\"a9c5c33b-567e-4b88-a70d-2f0ca5ccbd22\" class=\"fn\"><a href=\"#a9c5c33b-567e-4b88-a70d-2f0ca5ccbd22\" id=\"a9c5c33b-567e-4b88-a70d-2f0ca5ccbd22-link\">7<\/a><\/sup>,  le Groupe Odonates Bourgogne (actif sous cette appellation de 2009 \u00e0 2021, avant un \u00e9largissement aux invert\u00e9br\u00e9s) au sein de la Soci\u00e9t\u00e9 d&rsquo;histoire naturelle d&rsquo;Autun<sup data-fn=\"c9889a5d-4358-4d21-a0e9-05c8eb79ce6f\" class=\"fn\"><a href=\"#c9889a5d-4358-4d21-a0e9-05c8eb79ce6f\" id=\"c9889a5d-4358-4d21-a0e9-05c8eb79ce6f-link\">8<\/a><\/sup>, ou encore le groupe de travail Opie-odonates, actif depuis 2019 au sein de l\u2019Office pour les insectes et leur environnement<sup data-fn=\"3f5bb7ba-3c68-4936-b885-aac3f581b677\" class=\"fn\"><a href=\"#3f5bb7ba-3c68-4936-b885-aac3f581b677\" id=\"3f5bb7ba-3c68-4936-b885-aac3f581b677-link\">9<\/a><\/sup>. <em>La Selysienne<\/em>, Soci\u00e9t\u00e9 d&rsquo;odonatologie francophone<sup data-fn=\"772ddf39-fb4a-49c5-bf86-7367e7d00668\" class=\"fn\"><a href=\"#772ddf39-fb4a-49c5-bf86-7367e7d00668\" id=\"772ddf39-fb4a-49c5-bf86-7367e7d00668-link\">10<\/a><\/sup>, que je pr\u00e9side actuellement, est bas\u00e9e \u00e0 Niort. D\u2019abord constitu\u00e9e sous forme d\u2019association libre en 2020, elle a \u00e9t\u00e9 officiellement d\u00e9clar\u00e9e en pr\u00e9fecture des Deux-S\u00e8vres au d\u00e9but de l\u2019ann\u00e9e 2023. Ses activit\u00e9s s\u2019inscrivent dans un espace francophone \u00e9tendu, incluant notamment des territoires ultramarins tels que La R\u00e9union et la Nouvelle Cal\u00e9donie.<\/p>\n\n\n\n<p>D\u00e8s la fin de l\u2019ann\u00e9e 1986, David Loose devient le premier pr\u00e9sident du GRPLS, tandis que feu Jean-Michel Blanc en assure la tr\u00e9sorerie. J\u2019en occupe pour ma part le secr\u00e9tariat et j&rsquo;ai depuis \u00e9crit beaucoup&#8230; beaucoup. Jean-Michel Blanc met en place un plan comptable simple et rigoureux, toujours en usage dans les rapports financiers actuels. Les conseils d\u2019administration constituent un \u00e9l\u00e9ment structurant de la vie associative. Le GRPLS innove \u00e9galement dans ce domaine, avec l\u2019instauration d\u2019une alternance entre <strong>conseils d\u2019administration d\u2019\u00e9t\u00e9 et d\u2019hiver<\/strong>. \u00c0 partir de 1992, ces r\u00e9unions sont coupl\u00e9es \u00e0 des sessions de terrain \u00e0 partir de locaux mis \u00e0 disposition par nos membres, organis\u00e9es notamment en Ard\u00e8che chez Pierre et Christine Juliand, \u00e0 Cr\u00e9mieu en 1993 chez moi-m\u00eame, de nouveau en Ard\u00e8che en 1996, puis en octobre 1996 \u00e0 la Maison des Rami\u00e8res (Dr\u00f4me), \u00e0 l\u2019invitation de Jean-Michel Faton, alors conservateur de la r\u00e9serve. Enfin, des modalit\u00e9s innovantes de fonctionnement sont exp\u00e9riment\u00e9es, telles que les conseils d\u2019administration par correspondance et les r\u00e9unions en conf\u00e9rence t\u00e9l\u00e9phonique \u2014 une pratique encore \u00e9mergente au d\u00e9but des ann\u00e9es 1990.<\/p>\n\n\n\n<p class=\"has-very-light-gray-to-cyan-bluish-gray-gradient-background has-background\" style=\"font-size:26px\">La pr\u00e9servation des odonates et de leurs habitats : des listes rouges d\u00e9partementales (1986) aux approches r\u00e9gionales (1997, 2006)<\/p>\n\n\n\n<p>En <strong>Is\u00e8re<\/strong>, sous l\u2019impulsion de la Frapna d\u00e9partementale, une s\u00e9rie de listes rouges structur\u00e9es a \u00e9t\u00e9 mise en place pour l\u2019ensemble des Vert\u00e9br\u00e9s<sup data-fn=\"bcd958b3-d102-4211-b1cf-53460ef55e20\" class=\"fn\"><a href=\"#bcd958b3-d102-4211-b1cf-53460ef55e20\" id=\"bcd958b3-d102-4211-b1cf-53460ef55e20-link\">11<\/a><\/sup>. Ces documents prenaient la forme de livrets pliables en trois volets, imprim\u00e9s sur papier rouge-orang\u00e9. D\u00e8s 1986, l\u2019objectif a \u00e9t\u00e9 d\u2019adapter cette d\u00e9marche aux odonates. Inspir\u00e9e de m\u00e9thodes d\u00e9j\u00e0 \u00e9prouv\u00e9es dans le domaine de la protection de la nature, cette initiative a \u00e9t\u00e9 principalement port\u00e9e par David Loose. Elle a n\u00e9cessit\u00e9 de nombreuses r\u00e9unions de travail &#8211; pas moins de 20 &#8211; avant d\u2019aboutir, en 1992, \u00e0 la premi\u00e8re liste rouge raisonn\u00e9e consacr\u00e9e aux odonates \u00e0 l\u2019\u00e9chelle d\u2019un d\u00e9partement fran\u00e7ais, en l\u2019occurrence l\u2019Is\u00e8re. D\u00e8s 1987, des versions pr\u00e9liminaires avaient \u00e9t\u00e9 \u00e9labor\u00e9es conjointement pour les d\u00e9partements de l\u2019Is\u00e8re<sup data-fn=\"f4e4c1ea-4834-4278-8e70-3d04bbf8f90e\" class=\"fn\"><a href=\"#f4e4c1ea-4834-4278-8e70-3d04bbf8f90e\" id=\"f4e4c1ea-4834-4278-8e70-3d04bbf8f90e-link\">12<\/a><\/sup>, de la Savoie et de la Haute-Savoie<sup data-fn=\"9b3a540d-c592-4b93-814a-2d9f225642eb\" class=\"fn\"><a href=\"#9b3a540d-c592-4b93-814a-2d9f225642eb\" id=\"9b3a540d-c592-4b93-814a-2d9f225642eb-link\">13<\/a><\/sup>, correspondant alors au p\u00e9rim\u00e8tre d\u2019activit\u00e9 du GRPLS. Cette dynamique s\u2019est prolong\u00e9e en 1997 avec la publication d\u2019un atlas des esp\u00e8ces menac\u00e9es de ces trois d\u00e9partements du nord des Alpes fran\u00e7aises, dans les num\u00e9ros 12 \u00e0 14 de la revue <em>Sympetrum<\/em>, int\u00e9grant des listes rouges actualis\u00e9es et les premi\u00e8res bases d&rsquo;une liste rouge \u00e0 l&rsquo;\u00e9chelle rh\u00f4nalpine<sup data-fn=\"f8d43c84-9231-47d4-8c54-8c17673cb971\" class=\"fn\"><a href=\"#f8d43c84-9231-47d4-8c54-8c17673cb971\" id=\"f8d43c84-9231-47d4-8c54-8c17673cb971-link\">14<\/a><\/sup>. Une actualisation r\u00e9guli\u00e8re de ces documents avait \u00e9t\u00e9 envisag\u00e9e d\u00e8s l\u2019origine, afin de suivre l\u2019\u00e9volution des connaissances et des populations. \u00c0 cet effet, la revue \u00e9tait publi\u00e9e sous forme de feuillets perfor\u00e9s destin\u00e9s \u00e0 \u00eatre class\u00e9s, facilitant les mises \u00e0 jour successives. Les listes rouges ont en effet vocation \u00e0 refl\u00e9ter au plus pr\u00e8s l\u2019\u00e9tat des connaissances et les dynamiques des populations ; elles n\u00e9cessitent donc des r\u00e9visions r\u00e9guli\u00e8res afin d\u2019orienter efficacement les priorit\u00e9s de conservation. Cette exigence est particuli\u00e8rement marqu\u00e9e \u00e0 l\u2019\u00e9chelle d\u00e9partementale, o\u00f9 les fluctuations de pr\u00e9sence et d\u2019abondance des esp\u00e8ces sont plus sensibles qu\u2019\u00e0 des \u00e9chelles g\u00e9ographiques plus larges. Aussi, l\u2019usage de listes rouges d\u00e9partementales a parfois \u00e9t\u00e9 remis en question, notamment en raison de certaines limites m\u00e9thodologiques. Il convient en effet de reconna\u00eetre que ces listes pr\u00e9sentent des limites m\u00e9thodologiques r\u00e9elles, notamment en raison de l\u2019h\u00e9t\u00e9rog\u00e9n\u00e9it\u00e9 des donn\u00e9es et des effets d\u2019\u00e9chelle. Pour autant, ces incertitudes n\u2019invalident pas leur utilit\u00e9 : elles invitent au contraire \u00e0 les consid\u00e9rer comme des outils d\u2019aide \u00e0 la d\u00e9cision, \u00e9volutifs et perfectibles. Ces r\u00e9serves traduisent souvent une difficult\u00e9 \u00e0 int\u00e9grer une part d\u2019incertitude inh\u00e9rente aux donn\u00e9es naturalistes et \u00e0 mobiliser le principe de pr\u00e9caution. Des alternatives terminologiques, telles que les \u00ab listes d\u2019alerte \u00bb, ont \u00e9t\u00e9 envisag\u00e9es, sans toutefois remplacer pleinement la port\u00e9e explicite de la notion de liste rouge : c&rsquo;est bien la notion de liste rouge qui parle aux gens. Dans ce contexte, le maintien de ce cadre conceptuel s\u2019est appuy\u00e9 sur ma conviction profonde de son utilit\u00e9 pour la pr\u00e9servation des odonates et de leurs habitats \u00e0 une \u00e9chelle op\u00e9rationnelle. \u00c0 partir de 1995<sup data-fn=\"98a6eca6-2bd6-4523-8fc1-dcd7e475e156\" class=\"fn\"><a href=\"#98a6eca6-2bd6-4523-8fc1-dcd7e475e156\" id=\"98a6eca6-2bd6-4523-8fc1-dcd7e475e156-link\">15<\/a><\/sup>, je coordonne une d\u00e9marche comparable pour le d\u00e9partement de l\u2019Ain, dans le cadre d\u2019une \u00e9tude consacr\u00e9e aux odonates du Rh\u00f4ne, sur le site de la chute de Br\u00e9gnier-Cordon. Les r\u00e9sultats ont \u00e9t\u00e9 plus largement publi\u00e9s en 1998 dans le num\u00e9ro 11 de la revue <em>Sympetrum<\/em><sup data-fn=\"6799e846-b233-4198-abc3-675347f279e8\" class=\"fn\"><a href=\"#6799e846-b233-4198-abc3-675347f279e8\" id=\"6799e846-b233-4198-abc3-675347f279e8-link\">16<\/a><\/sup>. Par la suite, un travail de synth\u00e8se a permis, que j&rsquo;ai coordonn\u00e9e au sein du Groupe <em>Sympetrum<\/em>, d\u2019\u00e9laborer des listes rouges pour l\u2019ensemble des d\u00e9partements de la r\u00e9gion, ainsi que pour les Hautes-Alpes, soit neuf listes structur\u00e9es<sup data-fn=\"da1dff63-0778-4f92-bad6-c18cb12d0cbf\" class=\"fn\"><a href=\"#da1dff63-0778-4f92-bad6-c18cb12d0cbf\" id=\"da1dff63-0778-4f92-bad6-c18cb12d0cbf-link\">17<\/a><\/sup>. Ce dispositif a fait l\u2019objet d\u2019actualisations, notamment \u00e0 travers des publications en 2011<sup data-fn=\"c4c6b98c-acc8-463d-983b-a0827a008770\" class=\"fn\"><a href=\"#c4c6b98c-acc8-463d-983b-a0827a008770\" id=\"c4c6b98c-acc8-463d-983b-a0827a008770-link\">18<\/a><\/sup> et 2013<sup data-fn=\"bbcf80c6-c46b-42b2-a438-3f2b799ec347\" class=\"fn\"><a href=\"#bbcf80c6-c46b-42b2-a438-3f2b799ec347\" id=\"bbcf80c6-c46b-42b2-a438-3f2b799ec347-link\">19<\/a><\/sup>. Certaines d\u00e9clinaisons d\u00e9partementales ont ensuite \u00e9t\u00e9 r\u00e9vis\u00e9es de mani\u00e8re ind\u00e9pendante : la Savoie en 2013<sup data-fn=\"9b3833e6-dc4f-4cea-b93f-bfffddd8270a\" class=\"fn\"><a href=\"#9b3833e6-dc4f-4cea-b93f-bfffddd8270a\" id=\"9b3833e6-dc4f-4cea-b93f-bfffddd8270a-link\">20<\/a><\/sup>, la Loire en 2015<sup data-fn=\"e5c32fde-95c3-47e0-8a68-a3494a894e3a\" class=\"fn\"><a href=\"#e5c32fde-95c3-47e0-8a68-a3494a894e3a\" id=\"e5c32fde-95c3-47e0-8a68-a3494a894e3a-link\">21<\/a><\/sup>, 2016 et 2022<sup data-fn=\"d108e63d-099b-4ece-a2cc-a9735a0c702d\" class=\"fn\"><a href=\"#d108e63d-099b-4ece-a2cc-a9735a0c702d\" id=\"d108e63d-099b-4ece-a2cc-a9735a0c702d-link\">22<\/a><\/sup>, le Rh\u00f4ne en 2016<sup data-fn=\"070470fe-b98c-4935-9eb7-64f95adfdd4e\" class=\"fn\"><a href=\"#070470fe-b98c-4935-9eb7-64f95adfdd4e\" id=\"070470fe-b98c-4935-9eb7-64f95adfdd4e-link\">23<\/a><\/sup>, la Haute-Savoie en 2020<sup data-fn=\"cfe213ec-a7c3-49ef-8f01-2ebd94a117f1\" class=\"fn\"><a href=\"#cfe213ec-a7c3-49ef-8f01-2ebd94a117f1\" id=\"cfe213ec-a7c3-49ef-8f01-2ebd94a117f1-link\">24<\/a><\/sup>, et la Dr\u00f4me en 2025<sup data-fn=\"3e5d7aab-ca86-4ee3-92b9-f80b7d594811\" class=\"fn\"><a href=\"#3e5d7aab-ca86-4ee3-92b9-f80b7d594811\" id=\"3e5d7aab-ca86-4ee3-92b9-f80b7d594811-link\">25<\/a><\/sup> et 2026<sup data-fn=\"1556a12e-fe53-4854-82aa-b5597a0553ab\" class=\"fn\"><a href=\"#1556a12e-fe53-4854-82aa-b5597a0553ab\" id=\"1556a12e-fe53-4854-82aa-b5597a0553ab-link\">26<\/a><\/sup>. Concernant ce dernier d\u00e9partement, le Groupe <em>Sympetrum<\/em> s\u2019est officiellement retir\u00e9 du projet au printemps 2025. Des projets de r\u00e9vision ou d\u2019\u00e9laboration de listes rouges (ou patrimoniales) ont \u00e9t\u00e9 envisag\u00e9s \u00e0 partir de d\u00e9cembre 2021 pour la Savoie et la Haute-Savoie ; leur \u00e9tat d\u2019avancement reste toutefois variable. Historiquement, l\u2019Is\u00e8re appara\u00eet comme l\u2019un des d\u00e9partements fran\u00e7ais ayant d\u00e9velopp\u00e9 la plus grande diversit\u00e9 de listes rouges locales. Cette situation peut \u00eatre rapproch\u00e9e d\u2019une politique de pr\u00e9servation de l\u2019environnement ancienne et structur\u00e9e, qui, malgr\u00e9 certaines limites, a favoris\u00e9 une hi\u00e9rarchisation des esp\u00e8ces et une meilleure identification des enjeux locaux. <strong>Une telle d\u00e9marche contribue \u00e0 d\u00e9gager des priorit\u00e9s de conservation plus lisibles et \u00e0 orienter des actions concr\u00e8tes en faveur de la biodiversit\u00e9 et sur ce point l&rsquo;Is\u00e8re est exemplaire<\/strong>, je pense. Dans ce contexte, l\u2019effort de pr\u00e9servation de la nature engag\u00e9 en Is\u00e8re se distingue par sa pr\u00e9cocit\u00e9 et son importance relative \u00e0 l\u2019\u00e9chelle nationale.<\/p>\n\n\n\n<p class=\"has-very-light-gray-to-cyan-bluish-gray-gradient-background has-background\" style=\"font-size:25px\">De 1987 \u00e0 2022 : <em>Sympetrum pi\u00e9montais<\/em>, une circulaire durable<\/p>\n\n\n<div class=\"wp-block-image is-style-rounded\">\n<figure class=\"aligncenter size-full is-resized\"><a href=\"https:\/\/deliry.com\/wp-content\/uploads\/2026\/04\/GRPLS-Sympetrum-piemontais.jpeg\"><img loading=\"lazy\" decoding=\"async\" width=\"1024\" height=\"768\" src=\"https:\/\/deliry.com\/wp-content\/uploads\/2026\/04\/GRPLS-Sympetrum-piemontais.jpeg\" alt=\"\" class=\"wp-image-11588\" style=\"width:640px\" srcset=\"https:\/\/deliry.com\/wp-content\/uploads\/2026\/04\/GRPLS-Sympetrum-piemontais.jpeg 1024w, https:\/\/deliry.com\/wp-content\/uploads\/2026\/04\/GRPLS-Sympetrum-piemontais-300x225.jpeg 300w, https:\/\/deliry.com\/wp-content\/uploads\/2026\/04\/GRPLS-Sympetrum-piemontais-768x576.jpeg 768w\" sizes=\"auto, (max-width: 1024px) 100vw, 1024px\" \/><\/a><\/figure>\n<\/div>\n\n\n<p>Le premier num\u00e9ro de la <strong>circulaire de l\u2019association, <em>Sympetrum pi\u00e9montais<\/em><\/strong>, para\u00eet en janvier 1987. Ce num\u00e9ro inaugural, manuscrit, est accompagn\u00e9 d\u2019une illustration singuli\u00e8re : le \u00ab super-symp\u00e9trum \u00bb, figure stylis\u00e9e dot\u00e9e de deux \u00ab S \u00bb entrelac\u00e9s sur le thorax, de petites antennes, d\u2019un abdomen aux anneaux variables et de quatre ailes marqu\u00e9es de zones sombres pr\u00e8s des pt\u00e9rostigmas. R\u00e9alis\u00e9e de mani\u00e8re volontairement spontan\u00e9e, cette repr\u00e9sentation traduit d\u2019embl\u00e9e la dimension exp\u00e9rimentale et l\u2019esprit d\u2019initiative qui caract\u00e9risent alors les membres de l\u2019association, d\u00e9sireux de proposer de nouvelles approches de l\u2019odonatologie. Au fil des ann\u00e9es, <em>Sympetrum pi\u00e9montais<\/em> s\u2019inscrit dans la dur\u00e9e. Le num\u00e9ro 96 est publi\u00e9 le 4 novembre 2022, t\u00e9moignant de la long\u00e9vit\u00e9 de cette circulaire. \u00c0 l\u2019exception de quelques num\u00e9ros pr\u00e9par\u00e9s par Pierre Juliand durant son mandat de secr\u00e9taire, j&rsquo;en ai assur\u00e9 l\u2019essentiel de la r\u00e9daction et de la mise en forme de mani\u00e8re continue, avec l\u2019appui des membres, des coordinateurs de l\u2019association et de structures partenaires. Ces circulaires sont une m\u00e9moire importante des activit\u00e9s de l&rsquo;association.<\/p>\n\n\n\n<div class=\"wp-block-group has-background\" style=\"background-color:#eeeeee\"><div class=\"wp-block-group__inner-container is-layout-constrained wp-block-group-is-layout-constrained\"><div class=\"wp-block-image is-style-rounded\">\n<figure class=\"aligncenter size-full is-resized\"><a href=\"https:\/\/deliry.com\/wp-content\/uploads\/2026\/04\/SP96.png\"><img loading=\"lazy\" decoding=\"async\" width=\"800\" height=\"177\" src=\"https:\/\/deliry.com\/wp-content\/uploads\/2026\/04\/SP96.png\" alt=\"\" class=\"wp-image-11591\" style=\"width:800px\" srcset=\"https:\/\/deliry.com\/wp-content\/uploads\/2026\/04\/SP96.png 800w, https:\/\/deliry.com\/wp-content\/uploads\/2026\/04\/SP96-300x66.png 300w, https:\/\/deliry.com\/wp-content\/uploads\/2026\/04\/SP96-768x170.png 768w\" sizes=\"auto, (max-width: 800px) 100vw, 800px\" \/><\/a><\/figure>\n<\/div><\/div><\/div>\n\n\n\n<div style=\"height:12px\" aria-hidden=\"true\" class=\"wp-block-spacer\"><\/div>\n\n\n\n<p class=\"has-very-light-gray-to-cyan-bluish-gray-gradient-background has-background\" style=\"font-size:25px\">Les \u00ab Dossiers rouges \u00bb n\u00e9s en 1987-1988 sont des catalyseurs de la pr\u00e9servation des zones humides<\/p>\n\n\n\n<p>L\u2019un des apports majeurs du GRPLS r\u00e9side dans l\u2019\u00e9laboration du <strong>concept de \u00ab Dossier rouge \u00bb<\/strong>, formalis\u00e9 en 1988. L\u2019id\u00e9e \u00e9merge d\u00e8s avril 1987, autour d\u2019un principe fondamental d\u00e9velopp\u00e9 par la suite : aucune donn\u00e9e ne doit \u00eatre diffus\u00e9e en dehors de l\u2019association sans \u00eatre accompagn\u00e9e d\u2019une analyse et d\u2019un commentaire, y compris lorsqu\u2019il s\u2019agit de r\u00e9pondre \u00e0 une demande motiv\u00e9e par des enjeux de protection de la nature. \u00c0 cette \u00e9poque, l\u2019association Nature et Vie Sociale souhaitait disposer de donn\u00e9es odonatologiques concernant certains sites du nord de l\u2019Is\u00e8re. Si cette sollicitation n\u2019a pas imm\u00e9diatement donn\u00e9 lieu \u00e0 une transmission formalis\u00e9e, elle a contribu\u00e9 \u00e0 faire m\u00fbrir la r\u00e9flexion. En 1988, le premier Dossier rouge du GRPLS est r\u00e9dig\u00e9 en quelques heures, puis adress\u00e9 en recommand\u00e9 au commissaire enqu\u00eateur. Il porte sur les anciennes gravi\u00e8res de l\u2019\u00c9tournel, dans l\u2019Ain, alors menac\u00e9es par une reprise de l\u2019extraction<sup data-fn=\"df6cf86f-f43f-405f-aca2-c29412ac958a\" class=\"fn\"><a href=\"#df6cf86f-f43f-405f-aca2-c29412ac958a\" id=\"df6cf86f-f43f-405f-aca2-c29412ac958a-link\">27<\/a><\/sup>. Ce document visait \u00e0 exprimer, de mani\u00e8re claire et argument\u00e9e, les enjeux de conservation li\u00e9s aux odonates et, plus largement, aux zones humides. La d\u00e9marche reposait sur une question centrale : comment agir efficacement pour la pr\u00e9servation de ces milieux avec des moyens humains limit\u00e9s ? Le \u00ab Dossier rouge \u00bb constitue une r\u00e9ponse op\u00e9rationnelle, sous la forme d\u2019un document synth\u00e9tique, fond\u00e9 sur les connaissances disponibles et con\u00e7u pour \u00eatre directement mobilisable dans les proc\u00e9dures d\u00e9cisionnelles. Une fois r\u00e9dig\u00e9s \u2014 certains en une demi-journ\u00e9e \u2014 ces dossiers \u00e9taient diffus\u00e9s aupr\u00e8s de la communaut\u00e9 naturaliste, des d\u00e9cideurs et des acteurs de l\u2019environnement. Leur impact, bien que difficile \u00e0 quantifier pr\u00e9cis\u00e9ment, s\u2019est souvent traduit par des effets concrets ou, \u00e0 tout le moins, par un renforcement des argumentaires et de la mobilisation des partenaires notamment associatifs. Le cas de l\u2019\u00c9tournel, objet du premier Dossier rouge, en constitue une illustration notable : un arr\u00eat\u00e9 de protection de biotope a \u00e9t\u00e9 pris rapidement \u00e0 la suite de cette alerte, et le site b\u00e9n\u00e9ficie encore aujourd\u2019hui de mesures de pr\u00e9servation sp\u00e9cifiques. Il s&rsquo;agit aujourd&rsquo;hui d&rsquo;un Espace Naturel sensible<sup data-fn=\"74209f62-0093-4f2d-a6e7-c8af752f6e43\" class=\"fn\"><a href=\"#74209f62-0093-4f2d-a6e7-c8af752f6e43\" id=\"74209f62-0093-4f2d-a6e7-c8af752f6e43-link\">28<\/a><\/sup> pr\u00e9serv\u00e9. Les quatre dossiers les plus r\u00e9cents ont \u00e9t\u00e9 publi\u00e9s en 2023 et 2024 sous les num\u00e9ros 65 \u00e0 68 et concernent des sites en Haute-Savoie et dans la Dr\u00f4me. Ils mobilisent cinq r\u00e9dacteurs diff\u00e9rents, Marie Lamouille-H\u00e9bert, David Leclerc, Macha Joanin, Jean-Michel Faton et Roger Mathieu. Les \u00e9quipes locales s&rsquo;investissent activement dans la protection des sites odonatologiques remarquables de la r\u00e9gion<sup data-fn=\"b3f254c1-13a9-484c-99f9-cea8e4af22e6\" class=\"fn\"><a href=\"#b3f254c1-13a9-484c-99f9-cea8e4af22e6\" id=\"b3f254c1-13a9-484c-99f9-cea8e4af22e6-link\">29<\/a><\/sup>.<\/p>\n\n\n\n<p class=\"has-very-light-gray-to-cyan-bluish-gray-gradient-background has-background\" style=\"font-size:25px\">De trois (1986) \u00e0 huit d\u00e9partements rh\u00f4nalpins (1989) : \u00e0 quand le jour de la grande r\u00e9gion \u00e0 la douzaine ?<\/p>\n\n\n\n<p>D\u00e8s les premi\u00e8res ann\u00e9es de l\u2019association, une dynamique d\u2019\u00e9largissement territorial se met en place. En 1988, Christine et Pierre Juliand, figures importantes de l\u2019odonatologie grenobloise, s\u2019installent en <strong>Ard\u00e8che<\/strong>. Leur collaboration avec Alain Ladet et l\u2019appui de la Frapna Ard\u00e8che, d\u00e9j\u00e0 bien structur\u00e9e dans l\u2019\u00e9tude des odonates, contribuent \u00e0 poser les bases d\u2019une odonatologie d\u00e9partementale solide<sup data-fn=\"f706f840-86b1-4f68-88a5-459f22b0c784\" class=\"fn\"><a href=\"#f706f840-86b1-4f68-88a5-459f22b0c784\" id=\"f706f840-86b1-4f68-88a5-459f22b0c784-link\">30<\/a><\/sup>. Le d\u00e9partement de l\u2019Ard\u00e8che se distingue rapidement par sa richesse sp\u00e9cifique et figure longtemps parmi les territoires fran\u00e7ais les plus diversifi\u00e9s en odonates. Il est toutefois progressivement d\u00e9pass\u00e9 par l\u2019Is\u00e8re, qui occupe depuis plusieurs ann\u00e9es la premi\u00e8re place nationale. En 2026, l\u2019Is\u00e8re compte 78 esp\u00e8ces<sup data-fn=\"7b40e62f-a010-430f-86a5-f653930edd36\" class=\"fn\"><a href=\"#7b40e62f-a010-430f-86a5-f653930edd36\" id=\"7b40e62f-a010-430f-86a5-f653930edd36-link\">31<\/a><\/sup>, contre 73 pour l\u2019Ard\u00e8che<sup data-fn=\"c28f6dd2-a35f-46d6-aa7f-46b990d6b002\" class=\"fn\"><a href=\"#c28f6dd2-a35f-46d6-aa7f-46b990d6b002\" id=\"c28f6dd2-a35f-46d6-aa7f-46b990d6b002-link\">32<\/a><\/sup>, confirmant un \u00e9cart significatif. D\u00e8s 1997, l\u2019Ard\u00e8che \u00e9tait n\u00e9anmoins d\u00e9crite comme un territoire d\u2019importance majeure \u00e0 l\u2019\u00e9chelle europ\u00e9enne pour l\u2019\u00e9tude des odonates. Face aux limites d\u2019un p\u00e9rim\u00e8tre initial restreint aux trois d\u00e9partements nord-alpins, la n\u00e9cessit\u00e9 d\u2019\u00e9largir le champ d\u2019action s\u2019impose rapidement. D\u00e8s 1988, l\u2019extension \u00e0 l\u2019ensemble de la r\u00e9gion Rh\u00f4ne-Alpes est envisag\u00e9e, avant d\u2019\u00eatre act\u00e9e en d\u00e9cembre 1989. <strong>Le GRPLS inscrit d\u00e8s lors ses activit\u00e9s \u00e0 l\u2019\u00e9chelle r\u00e9gionale<\/strong>.<\/p>\n\n\n\n<p>Parall\u00e8lement, une structuration nationale de l\u2019odonatologie se dessine. En ao\u00fbt 1990, lors des premi\u00e8res rencontres odonatologiques nationales \u00e0 Bonnevaux (Doubs), organis\u00e9es notamment autour de Jean-Louis Dommanget, l\u2019id\u00e9e de cr\u00e9er une association nationale est affirm\u00e9e et nous savons que David Loose, pr\u00e9sent avait soulign\u00e9 les avantages \u00e0 constituer une telle structure associative. Cette initiative aboutit \u00e0 la fondation de la <strong>Soci\u00e9t\u00e9 fran\u00e7aise d\u2019Odonatologie<\/strong> (SfO)<sup data-fn=\"fcb4d67f-3896-4b7c-8dd2-7d58981472c5\" class=\"fn\"><a href=\"#fcb4d67f-3896-4b7c-8dd2-7d58981472c5\" id=\"fcb4d67f-3896-4b7c-8dd2-7d58981472c5-link\">33<\/a><\/sup> le 6 avril 1991 \u00e0 Bois-d\u2019Arcy (Yvelines). Ce projet s\u2019inscrit dans une dynamique engag\u00e9e d\u00e8s 1982, \u00e0 la suite de collaborations entre Fran\u00e7ois de Beaufort, Herv\u00e9 Maurin et Jean-Louis Dommanget. Dix-huit membres fondateurs participent \u00e0 cette cr\u00e9ation. Parmi eux figure Daniel Grand, membre du GRPLS. Par la suite, les liens entre le GRPLS et la SfO demeurent \u00e9troits, notamment dans le cadre de la transmission de donn\u00e9es n\u00e9cessaires \u00e0 l\u2019<strong>\u00e9laboration d\u2019un atlas national<\/strong>. Ce travail implique une harmonisation progressive des formats et une attention accrue \u00e0 la qualit\u00e9 des donn\u00e9es et \u00e0 la reconnaissance des observateurs. Les contraintes techniques de l\u2019\u00e9poque rendent ces \u00e9changes complexes : la compatibilit\u00e9 entre syst\u00e8mes informatiques reste limit\u00e9e et les transferts de donn\u00e9es s\u2019effectuent notamment par envoi de disquettes par voie postale. Parmi les \u00e9v\u00e9nements marquants figure la sixi\u00e8me \u00e9dition des rencontres odonatologiques nationales, les 20 et 21 octobre 2017 dans le Morvan (Ni\u00e8vre), organis\u00e9e conjointement avec les quatorzi\u00e8mes rencontres Bourgogne-Nature<sup data-fn=\"707659f7-2689-433d-9b56-16b2b14daa44\" class=\"fn\"><a href=\"#707659f7-2689-433d-9b56-16b2b14daa44\" id=\"707659f7-2689-433d-9b56-16b2b14daa44-link\">34<\/a><\/sup>. <strong>Cette manifestation, particuli\u00e8rement r\u00e9ussie, constitue la derni\u00e8re rencontre nationale tenue dans le cadre de la SfO<\/strong>.<\/p>\n\n\n\n<div class=\"wp-block-group is-nowrap is-layout-flex wp-container-core-group-is-layout-ad2f72ca wp-block-group-is-layout-flex\">\n<p><\/p>\n\n\n\n<div aling=\"left\"><b>Sixi\u00e8me \u00e9dition des rencontres odonatologiques nationales<\/b><br> \n<iframe loading=\"lazy\" src=\"https:\/\/www.facebook.com\/plugins\/post.php?href=https%3A%2F%2Fwww.facebook.com%2Fphoto.php%3Ffbid%3D147069192685242%26set%3Da.166100412746493%26type%3D3&#038;show_text=true&#038;width=500\" width=\"500\" height=\"466\" style=\"border:none;overflow:hidden\" scrolling=\"no\" frameborder=\"0\" allowfullscreen=\"true\" allow=\"autoplay; clipboard-write; encrypted-media; picture-in-picture; web-share\"><\/iframe><\/div>\n<\/div>\n\n\n\n<p>Apr\u00e8s plusieurs d\u00e9cennies d\u2019activit\u00e9s, la SfO est dissoute le 10 mars 2019. Une partie de ses missions est reprise par l\u2019Office pour les insectes et leur environnement (Opie), qui assure notamment la continuit\u00e9 de la revue <em>Martinia<\/em><sup data-fn=\"afa3794f-9f2c-4cdd-aa7a-aa225ea7bf43\" class=\"fn\"><a href=\"#afa3794f-9f2c-4cdd-aa7a-aa225ea7bf43\" id=\"afa3794f-9f2c-4cdd-aa7a-aa225ea7bf43-link\">35<\/a><\/sup> et du projet d\u2019atlas national<sup data-fn=\"dc385fa5-07fe-41f4-8cd5-55194d5f5c43\" class=\"fn\"><a href=\"#dc385fa5-07fe-41f4-8cd5-55194d5f5c43\" id=\"dc385fa5-07fe-41f4-8cd5-55194d5f5c43-link\">36<\/a><\/sup>, tous deux engag\u00e9s d\u00e8s les ann\u00e9es 1980 et depuis modernis\u00e9s. Les rencontres nationales se poursuivent sous une nouvelle forme, avec les Journ\u00e9es odonatologiques de l\u2019Opie-odonates (JOO) qui se d\u00e9rouleront en 2026 pr\u00e8s de la For\u00eat de Fontainebleau<sup data-fn=\"e879377d-d556-473d-b57a-1b4733f162fa\" class=\"fn\"><a href=\"#e879377d-d556-473d-b57a-1b4733f162fa\" id=\"e879377d-d556-473d-b57a-1b4733f162fa-link\">37<\/a><\/sup>. Ce sont les JOO qui prennent le relais des r\u00e9unions nationales organis\u00e9es par la SfO mais \u00e0 un rythme plus r\u00e9gulier.<\/p>\n\n\n\n<p class=\"has-very-light-gray-to-cyan-bluish-gray-gradient-background has-background\" style=\"font-size:25px\">De l\u2019Auvergne \u00e0 Auvergne Rh\u00f4ne-Alpes : structuration, r\u00e9visions et mise en \u0153uvre des listes rouges r\u00e9gionales<sup data-fn=\"e1ebd8cb-d8aa-4702-8ed0-c659a03ddc3e\" class=\"fn\"><a href=\"#e1ebd8cb-d8aa-4702-8ed0-c659a03ddc3e\" id=\"e1ebd8cb-d8aa-4702-8ed0-c659a03ddc3e-link\">38<\/a><\/sup><\/p>\n\n\n\n<p>\u00c0 l\u2019\u00e9chelle de la grande r\u00e9gion Auvergne\u2013Rh\u00f4ne-Alpes, l\u2019Auvergne fait figure de territoire pionnier avec la publication, d\u00e8s 2004<sup data-fn=\"69286d2f-43c2-49ce-950a-e5f62092fd87\" class=\"fn\"><a href=\"#69286d2f-43c2-49ce-950a-e5f62092fd87\" id=\"69286d2f-43c2-49ce-950a-e5f62092fd87-link\">39<\/a><\/sup>, de l\u2019une des premi\u00e8res listes rouges r\u00e9gionales d\u2019odonates en France, r\u00e9vis\u00e9e ensuite en 2017<sup data-fn=\"b8918605-054d-4665-8cd3-4490e8f7a85c\" class=\"fn\"><a href=\"#b8918605-054d-4665-8cd3-4490e8f7a85c\" id=\"b8918605-054d-4665-8cd3-4490e8f7a85c-link\">40<\/a><\/sup>. Du c\u00f4t\u00e9 de Rh\u00f4ne-Alpes, une liste rouge est annonc\u00e9e tr\u00e8s t\u00f4t, d\u00e8s 1997<sup data-fn=\"386d4275-7c38-470f-be79-ca16874159e3\" class=\"fn\"><a href=\"#386d4275-7c38-470f-be79-ca16874159e3\" id=\"386d4275-7c38-470f-be79-ca16874159e3-link\">41<\/a><\/sup>, dans le num\u00e9ro 10 de la revue <em>Sympetrum<\/em> (\u00ab Bient\u00f4t dans vos journaux, une Liste Rouge r\u00e9gionale \u00bb)<sup data-fn=\"6eb91d7a-2d63-4ea2-b9be-09518addd6a3\" class=\"fn\"><a href=\"#6eb91d7a-2d63-4ea2-b9be-09518addd6a3\" id=\"6eb91d7a-2d63-4ea2-b9be-09518addd6a3-link\">42<\/a><\/sup>, elle est amorc\u00e9e de mani\u00e8re discr\u00e8te dans un support synth\u00e9tique publi\u00e9 en 1995 (poster rassemblant les photographies de toutes les esp\u00e8ces de Rh\u00f4ne-Alpes en quatre panneaux<sup data-fn=\"d416b9e7-d63c-40f7-830a-cca552867561\" class=\"fn\"><a href=\"#d416b9e7-d63c-40f7-830a-cca552867561\" id=\"d416b9e7-d63c-40f7-830a-cca552867561-link\">43<\/a><\/sup>).  Elle est ensuite et publi\u00e9e sous forme de rapport en 2006<sup data-fn=\"4e451f45-5f4f-490c-bc39-4cae397c31d6\" class=\"fn\"><a href=\"#4e451f45-5f4f-490c-bc39-4cae397c31d6\" id=\"4e451f45-5f4f-490c-bc39-4cae397c31d6-link\">44<\/a><\/sup>, tout en \u00e9tant d\u00e9j\u00e0 esquiss\u00e9e en parall\u00e8le des listes d\u00e9partementales dans l\u2019atlas des odonates du nord des Alpes fran\u00e7aises (1997). Dans ce contexte, il s\u2019agit de l\u2019une des premi\u00e8res d\u00e9marches fran\u00e7aises structur\u00e9es de liste rouge \u00e0 une \u00e9chelle r\u00e9gionale.<\/p>\n\n\n<div class=\"wp-block-image\">\n<figure class=\"aligncenter size-large is-resized\"><img loading=\"lazy\" decoding=\"async\" width=\"1024\" height=\"735\" src=\"https:\/\/deliry.com\/wp-content\/uploads\/2026\/04\/actions1997-1024x735.png\" alt=\"\" class=\"wp-image-11560\" style=\"width:800px\" srcset=\"https:\/\/deliry.com\/wp-content\/uploads\/2026\/04\/actions1997-1024x735.png 1024w, https:\/\/deliry.com\/wp-content\/uploads\/2026\/04\/actions1997-300x215.png 300w, https:\/\/deliry.com\/wp-content\/uploads\/2026\/04\/actions1997-768x551.png 768w, https:\/\/deliry.com\/wp-content\/uploads\/2026\/04\/actions1997-1536x1103.png 1536w, https:\/\/deliry.com\/wp-content\/uploads\/2026\/04\/actions1997-2048x1471.png 2048w, https:\/\/deliry.com\/wp-content\/uploads\/2026\/04\/actions1997-120x85.png 120w\" sizes=\"auto, (max-width: 1024px) 100vw, 1024px\" \/><figcaption class=\"wp-element-caption\">R\u00e9sum\u00e9 des actions et \u00e9tudes sur les Odonates en Rh\u00f4ne-Alpes en 1997 (extrait de la revue <em>Sympetrum <\/em>n\u00b010)<\/figcaption><\/figure>\n<\/div>\n\n\n<p>L\u2019<strong>atlas r\u00e9gional publi\u00e9 en 2008<\/strong><sup data-fn=\"622be2f8-da54-484b-bf2f-3f5a0f468d50\" class=\"fn\"><a href=\"#622be2f8-da54-484b-bf2f-3f5a0f468d50\" id=\"622be2f8-da54-484b-bf2f-3f5a0f468d50-link\">45<\/a><\/sup> permet d\u2019affiner et de formaliser cette liste rouge rh\u00f4nalpine, en l\u2019accompagnant d\u2019un tableau r\u00e9capitulatif des listes d\u00e9partementales de la r\u00e9gion. Toutefois, le projet est d\u00e9j\u00e0 largement amorc\u00e9 en 2003, avec la publication d\u2019un livret d\u2019une vingtaine de pages, r\u00e9alis\u00e9 en collaboration avec le Mus\u00e9um de Grenoble dans le cadre du lancement du projet d\u2019atlas r\u00e9gional, mettant en valeur les <em><strong>Libellules remarquables de Rh\u00f4ne-Alpes<\/strong><\/em><sup data-fn=\"057dc5c5-caf6-466c-8c88-284f7b361977\" class=\"fn\"><a href=\"#057dc5c5-caf6-466c-8c88-284f7b361977\" id=\"057dc5c5-caf6-466c-8c88-284f7b361977-link\">46<\/a><\/sup>. Une logique d\u2019actualisation progressive s\u2019installe ensuite, avec un intervalle d\u2019environ cinq ans entre les r\u00e9visions, conforme au principe selon lequel une liste rouge doit \u00eatre r\u00e9\u00e9valu\u00e9e r\u00e9guli\u00e8rement (g\u00e9n\u00e9ralement tous les 5 \u00e0 10 ans). La liste rouge rh\u00f4nalpine est ainsi r\u00e9vis\u00e9e en 2014<sup data-fn=\"2cf3df42-cf71-4b13-bbcc-c56457d27854\" class=\"fn\"><a href=\"#2cf3df42-cf71-4b13-bbcc-c56457d27854\" id=\"2cf3df42-cf71-4b13-bbcc-c56457d27854-link\">47<\/a><\/sup>, apr\u00e8s une version de travail en 2013 accompagn\u00e9e des d\u00e9clinaisons d\u00e9partementales<sup data-fn=\"5c8a780d-c938-4eac-a7bf-58fe88766019\" class=\"fn\"><a href=\"#5c8a780d-c938-4eac-a7bf-58fe88766019\" id=\"5c8a780d-c938-4eac-a7bf-58fe88766019-link\">48<\/a><\/sup>. L\u2019\u00e9dition finale est r\u00e9alis\u00e9e en collaboration avec UICN France et les structures partenaires (notamment <em>Histoires naturelles<\/em>), avec validation par le CSRPN le 25 f\u00e9vrier 2014 et par l\u2019UICN France le 21 mars 2014. Cette liste concerne 84 esp\u00e8ces et repose sur environ 180 000 donn\u00e9es naturalistes, issues du travail de terrain de 730 observateurs principaux. J&rsquo;en ai men\u00e9 la coordination scientifique qui a mobilis\u00e9 une dizaine d\u2019experts, issus notamment des structures d\u00e9partementales du Groupe <em>Sympetrum<\/em>, ainsi que de partenaires associatifs tels que la FNE, la LPO et l\u2019UICN France. L\u2019ensemble du dispositif repose sur un engagement b\u00e9n\u00e9vole, sans financement sp\u00e9cifique d\u00e9di\u00e9.<\/p>\n\n\n<div class=\"wp-block-image\">\n<figure class=\"alignright size-full is-resized\"><a href=\"https:\/\/deliry.com\/wp-content\/uploads\/2026\/04\/prao_sympetrum_proposition.jpg\"><img loading=\"lazy\" decoding=\"async\" width=\"400\" height=\"567\" src=\"https:\/\/deliry.com\/wp-content\/uploads\/2026\/04\/prao_sympetrum_proposition.jpg\" alt=\"\" class=\"wp-image-11636\" style=\"width:240px\" srcset=\"https:\/\/deliry.com\/wp-content\/uploads\/2026\/04\/prao_sympetrum_proposition.jpg 400w, https:\/\/deliry.com\/wp-content\/uploads\/2026\/04\/prao_sympetrum_proposition-212x300.jpg 212w\" sizes=\"auto, (max-width: 400px) 100vw, 400px\" \/><\/a><figcaption class=\"wp-element-caption\">PRAO 2015 \u2013&nbsp;<a href=\"https:\/\/deliry.com\/pdf\/prao_sympetrum_proposition.pdf\" target=\"_blank\" rel=\"noreferrer noopener\">PDF<\/a> \u279a<\/figcaption><\/figure>\n<\/div>\n\n\n<p>Le <strong>25 juin 2015<\/strong>, la d\u00e9clinaison du Plan r\u00e9gional d\u2019actions en faveur des odonates<sup data-fn=\"690ecb4d-15fe-478f-bd66-7ec7a6510c24\" class=\"fn\"><a href=\"#690ecb4d-15fe-478f-bd66-7ec7a6510c24\" id=\"690ecb4d-15fe-478f-bd66-7ec7a6510c24-link\">49<\/a><\/sup> est pr\u00e9sent\u00e9e et valid\u00e9e dans les locaux de la DREAL Auvergne-Rh\u00f4ne-Alpes \u00e0 Lyon. Ce plan consolide la hi\u00e9rarchisation des esp\u00e8ces en termes de priorit\u00e9s de conservation et marque une \u00e9tape importante dans la transition entre production de connaissances et actions op\u00e9rationnelles. L\u2019objectif affich\u00e9 est alors de favoriser la mise en \u0153uvre d\u2019au moins une action de protection sur un site naturel significatif par d\u00e9partement. En 2019, ce plan est \u00e9tendu \u00e0 l\u2019ensemble de la grande r\u00e9gion Auvergne\u2013Rh\u00f4ne-Alpes. Il \u00e9volue toutefois vers une approche davantage centr\u00e9e sur des esp\u00e8ces embl\u00e9matiques, au d\u00e9triment d\u2019actions locales directement cibl\u00e9es<sup data-fn=\"db7fa050-2c3f-4292-9e5a-236143d68822\" class=\"fn\"><a href=\"#db7fa050-2c3f-4292-9e5a-236143d68822\" id=\"db7fa050-2c3f-4292-9e5a-236143d68822-link\">50<\/a><\/sup>. Cette extension complexifie la coordination \u00e0 l\u2019\u00e9chelle r\u00e9gionale. \u00c0 ce jour, aucune synth\u00e8se r\u00e9gionale compl\u00e8te n\u2019a \u00e9t\u00e9 produite dans le cadre du Plan national d\u2019action en faveur des libellules en AuRA.<\/p>\n\n\n<div class=\"wp-block-image\">\n<figure class=\"aligncenter size-full is-resized\"><img loading=\"lazy\" decoding=\"async\" width=\"640\" height=\"366\" src=\"https:\/\/deliry.com\/wp-content\/uploads\/2022\/04\/25032021.jpeg\" alt=\"\" class=\"wp-image-6255\" style=\"width:400px\" srcset=\"https:\/\/deliry.com\/wp-content\/uploads\/2022\/04\/25032021.jpeg 640w, https:\/\/deliry.com\/wp-content\/uploads\/2022\/04\/25032021-300x172.jpeg 300w\" sizes=\"auto, (max-width: 640px) 100vw, 640px\" \/><figcaption class=\"wp-element-caption\">Nous \u00e9tions trois pr\u00e9sents \u00e0 l\u2019atelier du 25 mars 2021<br>De haut en bas : Cyrille Deliry, Marie Lamouille-H\u00e9bert et Jean-Michel Faton<\/figcaption><\/figure>\n<\/div>\n\n\n<p>Face \u00e0 l\u2019anciennet\u00e9 des donn\u00e9es disponibles et au principe d\u2019actualisation p\u00e9riodique des Listes Rouges, une r\u00e9vision \u00e0 l\u2019\u00e9chelle de la grande r\u00e9gion est engag\u00e9e \u00e0 partir de 2020. Le <strong>25 mars 2021<\/strong>, un premier atelier r\u00e9unit, \u00e0 la demande du conseil d\u2019administration du Groupe Sympetrum, Jean-Michel Faton, Marie Lamouille-H\u00e9bert et moi-m\u00eame. L\u2019id\u00e9e d\u2019une structuration par domaines biog\u00e9ographiques s\u2019impose sur le plan scientifique, tout en restant compatible avec une synth\u00e8se \u00e0 l\u2019\u00e9chelle administrative r\u00e9gionale. Le programme \u00e9tait de produire en 2022 une Liste Rouge pour le domaine m\u00e9diterran\u00e9en, en 2023 pour la plaine rhodanienne, en 2024 pour le domaine alpin (dans l\u2019attente notamment des r\u00e9sultats du CIMaE), et enfin 2025 pour le Massif central, incluant l\u2019Auvergne ; une r\u00e9vision compl\u00e8te devant \u00eatre entam\u00e9e d\u00e8s 2030. Consult\u00e9 sur la question, l\u2019UICN France recommande toutefois de privil\u00e9gier une structuration conforme aux d\u00e9coupages administratifs, plut\u00f4t qu\u2019aux zonages biog\u00e9ographiques. La n\u00e9cessit\u00e9 d\u2019une coordination \u00e9largie, notamment avec le Groupe Odonat\u2019Auvergne, est identifi\u00e9e, m\u00eame si l\u2019urgence de r\u00e9vision est moindre c\u00f4t\u00e9 auvergnat, la liste y \u00e9tant plus r\u00e9cente (2017).<\/p>\n\n\n<div class=\"wp-block-image\">\n<figure class=\"aligncenter size-full is-resized\"><a href=\"https:\/\/deliry.com\/wp-content\/uploads\/2022\/04\/projetlraura.jpg\"><img loading=\"lazy\" decoding=\"async\" width=\"1000\" height=\"756\" src=\"https:\/\/deliry.com\/wp-content\/uploads\/2022\/04\/projetlraura.jpg\" alt=\"\" class=\"wp-image-6256\" style=\"width:640px\" srcset=\"https:\/\/deliry.com\/wp-content\/uploads\/2022\/04\/projetlraura.jpg 1000w, https:\/\/deliry.com\/wp-content\/uploads\/2022\/04\/projetlraura-300x227.jpg 300w, https:\/\/deliry.com\/wp-content\/uploads\/2022\/04\/projetlraura-768x581.jpg 768w\" sizes=\"auto, (max-width: 1000px) 100vw, 1000px\" \/><\/a><figcaption class=\"wp-element-caption\">Programmation envisag\u00e9e de listes rouges par secteurs biog\u00e9ographiques en Auvergne Rh\u00f4ne-Alpes sous la coordination du Groupe Sympetrum et le Groupe Odonat&rsquo; Auvergne. La r\u00e9vision suivante serait \u00e0 programmer pour 2030<br><sup>1. Zone m\u00e9diterran\u00e9enne \u2013 2. Plaine rhodanienne (Z.continentale est) \u2013 3. Z. alpine \u2013 4. Massif central (Z. continentale ouest)<\/sup><\/figcaption><\/figure>\n<\/div>\n\n\n<p>Une r\u00e9union conjointe entre le Groupe <em>Sympetrum<\/em> et le groupe Odonat\u2019Auvergne se tient le <strong>5 avril 2022<\/strong>, avec une recommandation de mutualisation des bases de donn\u00e9es n\u00e9cessaires \u00e0 la r\u00e9vision de la liste rouge r\u00e9gionale. Plusieurs contraintes techniques et scientifiques apparaissent \u00e9galement, notamment l\u2019insuffisance de connaissances pour certaines esp\u00e8ces (par exemple <em>Coenagrion pulchellum<\/em>), la n\u00e9cessit\u00e9 de renforcer les donn\u00e9es disponibles, ainsi que les difficult\u00e9s d\u2019harmonisation \u00e0 l\u2019\u00e9chelle de la grande r\u00e9gion. Finalement, un <a href=\"https:\/\/www.fne-aura.org\/actualites\/haute-savoie\/participez-a-lelaboration-de-la-liste-rouge-regionale-des-libellules-menacees-en-auvergne-rhone-alpes\/\">communiqu\u00e9 dat\u00e9 du <strong>24 juin 2025<\/strong><\/a> \u279a indique enfin que la coordination technique du projet a \u00e9t\u00e9 reprise par FNE Haute-Savoie, sous pilotage de la <a href=\"https:\/\/www.auvergne-rhone-alpes.developpement-durable.gouv.fr\/presentation-et-tableau-de-synthese-des-listes-a22019.html\">DREAL Auvergne-Rh\u00f4ne-Alpes<\/a> \u279a. Les r\u00e9sultats de cette nouvelle phase restent \u00e0 suivre et une r\u00e9union de pr\u00e9sentation a eu lieu r\u00e9cemment.<\/p>\n\n\n\n<div class=\"wp-block-group has-background\" style=\"background:linear-gradient(301deg,rgb(238,238,238) 0%,rgb(169,184,195) 100%)\"><div class=\"wp-block-group__inner-container is-layout-constrained wp-block-group-is-layout-constrained\"><div class=\"wp-block-image\">\n<figure class=\"alignright size-full\"><img loading=\"lazy\" decoding=\"async\" width=\"180\" height=\"180\" src=\"https:\/\/deliry.com\/wp-content\/uploads\/2026\/04\/GpsSmall.png\" alt=\"\" class=\"wp-image-11669\" srcset=\"https:\/\/deliry.com\/wp-content\/uploads\/2026\/04\/GpsSmall.png 180w, https:\/\/deliry.com\/wp-content\/uploads\/2026\/04\/GpsSmall-150x150.png 150w\" sizes=\"auto, (max-width: 180px) 100vw, 180px\" \/><\/figure>\n<\/div>\n\n\n<p>Je partage ici mon exp\u00e9rience odonatologique rh\u00f4nalpine. Quarante ann\u00e9es apr\u00e8s sa cr\u00e9ation, le GRPLS appara\u00eet comme un laboratoire d\u2019id\u00e9es autant qu\u2019un acteur de terrain. \u00c0 travers une d\u00e9marche fondamentalement exp\u00e9rimentale \u2014 qu\u2019il s\u2019agisse des fiches papier des d\u00e9buts, des listes rouges d\u00e9partementales, des <em>Dossiers rouges<\/em> ou encore de la structuration progressive des donn\u00e9es \u2014 l\u2019association a constamment cherch\u00e9 \u00e0 relier connaissance et action. Cette histoire montre que l\u2019innovation ne r\u00e9side pas uniquement dans les outils, mais dans les principes : rigueur des donn\u00e9es, acceptation de l\u2019incertitude, exigence d\u2019analyse avant diffusion, et volont\u00e9 constante de rendre l\u2019information utile \u00e0 la d\u00e9cision, partage et coordination des comp\u00e9tences. C\u2019est sans doute cette articulation entre science naturaliste, engagement b\u00e9n\u00e9vole et pragmatisme qui a permis d\u2019inscrire durablement les odonates dans les politiques de conservation, \u00e0 des \u00e9chelles de plus en plus larges. Aujourd\u2019hui, alors que les dispositifs se complexifient et que les \u00e9chelles d\u2019intervention s\u2019\u00e9largissent, un enjeu demeure : conserver cette capacit\u00e9 d\u2019initiative locale et cette libert\u00e9 d\u2019exp\u00e9rimentation qui ont fait la force des d\u00e9buts. Car si les cadres institutionnels structurent l\u2019action, ce sont souvent les dynamiques de terrain qui en assurent la pertinence et l\u2019efficacit\u00e9. \u00c0 l\u2019heure des grandes bases de donn\u00e9es, des mod\u00e8les et de nouvelles synth\u00e8ses r\u00e9gionales, une question reste ouverte : comment pr\u00e9server la finesse du regard naturaliste, la qualit\u00e9 des observations et la r\u00e9activit\u00e9 des acteurs locaux ? Autrement dit, comment continuer \u00e0 innover pour conna\u00eetre \u2014 et ainsi mieux prot\u00e9ger \u2014 dans un contexte o\u00f9 les enjeux de Biodiversit\u00e9 n\u2019ont jamais \u00e9t\u00e9 aussi pressants alors que des enjeux \u00e9conomiques se distinguent ? En effet \u00e9tudier les Libellules d\u00e9sormais rapporte et les enjeux ne sont plus seulement scientifiques ou intellectuels.<\/p>\n<\/div><\/div>\n\n\n\n<p class=\"has-text-align-right\">Cyrille Deliry, Niort le 23 avril 2026<\/p>\n\n\n<div class=\"wp-block-image is-style-default\">\n<figure class=\"aligncenter size-large is-resized\"><a href=\"https:\/\/deliry.com\/wp-content\/uploads\/2026\/04\/DegrangeGRPLS.png\"><img loading=\"lazy\" decoding=\"async\" width=\"1024\" height=\"545\" src=\"https:\/\/deliry.com\/wp-content\/uploads\/2026\/04\/DegrangeGRPLS-1024x545.png\" alt=\"\" class=\"wp-image-11674\" style=\"width:637px;height:auto\" srcset=\"https:\/\/deliry.com\/wp-content\/uploads\/2026\/04\/DegrangeGRPLS-1024x545.png 1024w, https:\/\/deliry.com\/wp-content\/uploads\/2026\/04\/DegrangeGRPLS-300x160.png 300w, https:\/\/deliry.com\/wp-content\/uploads\/2026\/04\/DegrangeGRPLS-768x409.png 768w, https:\/\/deliry.com\/wp-content\/uploads\/2026\/04\/DegrangeGRPLS.png 1084w\" sizes=\"auto, (max-width: 1024px) 100vw, 1024px\" \/><\/a><figcaption class=\"wp-element-caption\">#Sympetrum40ans &#8211; Ambiance d&rsquo;un d\u00e9veloppement : des cartes \u00e0 am\u00e9liorer dans le cadre d&rsquo;une d\u00e9marche d&rsquo;exp\u00e9rimentation &#8211; Y&rsquo;ADo!<\/figcaption><\/figure>\n<\/div>\n\n\n<hr class=\"wp-block-separator has-alpha-channel-opacity is-style-wide\"\/>\n\n\n<ol class=\"wp-block-footnotes has-small-font-size\"><li id=\"84ef557a-c6dc-43eb-a467-f4e78465ff24\"><span style=\"text-decoration: underline;\">S\u00e9lection libre de r\u00e9f\u00e9rences<\/span> &#8211; <strong>Degrange C. &amp; Seassau M.D. 1968.<\/strong>\u00a0&#8211; Odonates des Alpes-Maritimes. &#8211;\u00a0<em>Travaux du Laboratoire d&rsquo;Hydrobiologie et de Pisciculture de l&rsquo;Universit\u00e9 de Grenoble,<\/em>\u00a059\/60\u00a0: 65-82 + 1 fig. &#8211; <strong>Degrange C. &amp; Seassau M.D. 1969<\/strong>\u00a0&#8211; Odonates des eaux \u00e0 sphaignes en Dauphin\u00e9. R\u00e9sum\u00e9 des communications. &#8211;\u00a0<em>Annals Stat. Biol. Besse en Chandesse,<\/em>\u00a04. &#8211; <strong>Degrange C. &amp; Seassau M.D. 1970<\/strong>\u00a0&#8211; Premi\u00e8re capture en Europe de la larve de\u00a0<em>Hemaniax ephippiger<\/em>\u00a0(Burmeister), 1839 (Odonata, Anisoptera, Aeschnidae). &#8211;\u00a0<em>Travaux du Laboratoire d&rsquo;Hydrobiologie et de Pisciculture de l&rsquo;Universit\u00e9 de Grenoble,<\/em>\u00a061\u00a0: 77-87. &#8211; <strong>Degrange C. &amp; Seassau M.D. 1970<\/strong>\u00a0&#8211; Odonates de quelques hautes tourbi\u00e8res \u00e0 sphaignes du Dauphin\u00e9. &#8211;\u00a0<em>Travaux du Laboratoire d&rsquo;Hydrobiologie et de Pisciculture de l&rsquo;Universit\u00e9 de Grenoble,<\/em>\u00a061\u00a0: 89-106. &#8211; <strong>Degrange C. &amp; Seassau M.D. 1974<\/strong>\u00a0&#8211; Odonates\u00a0<em>Corduliidae<\/em>\u00a0de Savoie et du Dauphin\u00e9. &#8211;\u00a0<em>Travaux du Laboratoire d&rsquo;Hydrobiologie et de Pisciculture de l&rsquo;Universit\u00e9 de Grenoble,<\/em>\u00a064-65\u00a0: 289-308. &#8211; <strong>Degrange C., Vaillant F., Serra-Tosio B. 1976<\/strong>\u00a0&#8211;\u00a0<em>Inventaire faunistique des milieux humides du plateau d\u2019Emparis, du col du Lautaret, du plan du Lac (Saint-Christophe- en-Oisans), de la plaine de Bourg-d\u2019Oisans et du massif du Taillefer.<\/em>\u00a0&#8211; Rapport du contrat de recherche n\u00b012.5\/76\u00a0: 34 pp. &#8211; <strong>Degrange C. 1981<\/strong>\u00a0&#8211;\u00a0<em>Les milieux aquatiques de lisi\u00e8re dans la Vall\u00e9e du Rh\u00f4ne en amont de Lyon.<\/em>\u00a0&#8211; Comit\u00e9 Faune\/ Flore, Univ. Grenoble. &#8211; <strong>Degrange C. 1990<\/strong>\u00a0&#8211; Origine et \u00e9volution de quelques \u00e9l\u00e9ments de l&rsquo;entomofaune d&rsquo;un lac-tourbi\u00e8re de haute-montagne\u00a0: le Lac du Lait (2180 m). Parc National de la Vanoise. &#8211;\u00a0<em>Trav. Sc. Parc nation. Vanoise,<\/em>\u00a0XVII (1989)\u00a0: 167-192. &#8211; <strong>Degrange C. &amp; Martinot J.P. 1995<\/strong>\u00a0&#8211; Entomofaune du Lac du Lait (2180 m). Parc National de la Vanoise. (seconde partie). &#8211;\u00a0<em>Trav. sci. Parc nation. Vanoise,<\/em>\u00a0XIX\u00a0: 255-277. <a href=\"#84ef557a-c6dc-43eb-a467-f4e78465ff24-link\" aria-label=\"Aller \u00e0 la note de bas de page 1\">\u21a9\ufe0e<\/a><\/li><li id=\"6a081540-98e7-46a3-b16b-941bead66ec1\"><strong>Sowa R. &amp; Degrange C. &amp; Sartori M. 1986<\/strong>\u00a0&#8211;\u00a0<em>Rhithrogena gratianopolitana<\/em>\u00a0sp. n. du groupe\u00a0<em>hybrida<\/em>\u00a0(Ephemeroptera, Heptageniidae) des Alpes fran\u00e7aises et helvetiques. &#8211;\u00a0<em>Bull. Soc. Vaud. Sei. Nat.,<\/em>\u00a078\u00a0: 215-223.\u00a0&#8211;\u00a0<a href=\"https:\/\/www.researchgate.net\/profile\/Michel-Sartori\/publication\/307590363_Rhithrogena_grationapolitana_sp_n_belonging_to_the_hybrida_group_Ephemeroptera_Heptageniidae_from_the_French_and_Swiss_Alps\/links\/57cd321e08ae59825185ffe9\/Rhithrogena-grationapolitana-sp-n-belonging-to-the-hybrida-group-Ephemeroptera-Heptageniidae-from-the-French-and-Swiss-Alps.pdf\" target=\"_blank\" rel=\"noreferrer noopener\">ONLINE<\/a> <a href=\"#6a081540-98e7-46a3-b16b-941bead66ec1-link\" aria-label=\"Aller \u00e0 la note de bas de page 2\">\u21a9\ufe0e<\/a><\/li><li id=\"9a135f62-42de-4e19-b54d-9c72f5b8697d\"><a href=\"https:\/\/sympetrum.fr\/\" target=\"_blank\" rel=\"noreferrer noopener\">Site Internet du Groupe Sympetrum (GRPLS) consult\u00e9 le 23 avril 2026<\/a> \u279a <a href=\"#9a135f62-42de-4e19-b54d-9c72f5b8697d-link\" aria-label=\"Aller \u00e0 la note de bas de page 3\">\u21a9\ufe0e<\/a><\/li><li id=\"f844cc79-8d6c-407f-8c38-7a1012c2c307\"><a href=\"https:\/\/deliry.com\/?p=8895\">Page d\u00e9di\u00e9e \u00e0 la SfO sur les <em>Histoires Naturelles<\/em><\/a> <a href=\"#f844cc79-8d6c-407f-8c38-7a1012c2c307-link\" aria-label=\"Aller \u00e0 la note de bas de page 4\">\u21a9\ufe0e<\/a><\/li><li id=\"018f4093-cc96-4a26-9040-37dbfc79acc4\"><a href=\"http:\/\/assoslo.free.fr\/\" target=\"_blank\" rel=\"noreferrer noopener\">Site Internet de la SLO consult\u00e9 le 23 avril 2026<\/a> \u279a <a href=\"#018f4093-cc96-4a26-9040-37dbfc79acc4-link\" aria-label=\"Aller \u00e0 la note de bas de page 5\">\u21a9\ufe0e<\/a><\/li><li id=\"503f1486-1743-4b77-accb-299fb50f2701\"><a href=\"http:\/\/groupeodonatauvergne.fr\/\">Site Internet du Groupe Odonat&rsquo;Auvergne consult\u00e9 le 23 avril 2026<\/a> \u279a <a href=\"#503f1486-1743-4b77-accb-299fb50f2701-link\" aria-label=\"Aller \u00e0 la note de bas de page 6\">\u21a9\ufe0e<\/a><\/li><li id=\"a9c5c33b-567e-4b88-a70d-2f0ca5ccbd22\"><a href=\"https:\/\/www.fne-aura.org\/actualites\/haute-savoie\/groupe-odonates-haute-savoie\/\" target=\"_blank\" rel=\"noreferrer noopener\">Communiqu\u00e9 du 1er janvier 2019 sur le site FNE Haute-Savoie<\/a> \u279a <a href=\"#a9c5c33b-567e-4b88-a70d-2f0ca5ccbd22-link\" aria-label=\"Aller \u00e0 la note de bas de page 7\">\u21a9\ufe0e<\/a><\/li><li id=\"c9889a5d-4358-4d21-a0e9-05c8eb79ce6f\"><a href=\"https:\/\/observatoire.shna-ofab.fr\/fr\/le-groupe-odonates-bourgogne_312.html\">Site Internet du Groupe Odonates Bourgogne (archives) consult\u00e9 le 23 avril 2026<\/a> \u279a <a href=\"#c9889a5d-4358-4d21-a0e9-05c8eb79ce6f-link\" aria-label=\"Aller \u00e0 la note de bas de page 8\">\u21a9\ufe0e<\/a><\/li><li id=\"3f5bb7ba-3c68-4936-b885-aac3f581b677\"><a href=\"https:\/\/insectes.org\/lassociation\/groupes-de-lopie\/\" target=\"_blank\" rel=\"noreferrer noopener\">Page de pr\u00e9sentation des quatre groupes de travail et deux groupes locaux de l&rsquo;Opie consult\u00e9e le 23 avril 2026 <\/a>\u279a <a href=\"#3f5bb7ba-3c68-4936-b885-aac3f581b677-link\" aria-label=\"Aller \u00e0 la note de bas de page 9\">\u21a9\ufe0e<\/a><\/li><li id=\"772ddf39-fb4a-49c5-bf86-7367e7d00668\"><a href=\"https:\/\/odonatagallica.com\/\" target=\"_blank\" rel=\"noreferrer noopener\">Site Internet de <em>La Selysienne, <\/em>consult\u00e9 le 23 avril 2026<\/a> \u279a <a href=\"#772ddf39-fb4a-49c5-bf86-7367e7d00668-link\" aria-label=\"Aller \u00e0 la note de bas de page 10\">\u21a9\ufe0e<\/a><\/li><li id=\"bcd958b3-d102-4211-b1cf-53460ef55e20\">Voir d\u00e9tails et r\u00e9f\u00e9rences <em>in<\/em> <strong>Loose D. &amp; Deliry C. 1996<\/strong> &#8211; <em>Les Listes Rouges de Vert\u00e9br\u00e9s du d\u00e9partement de l&rsquo;Is\u00e8re. Pr\u00e9sentation de la m\u00e9thodologie et des r\u00e9sultats. <\/em>&#8211; Document num\u00e9rique du CORA Is\u00e8re : 19 pp. &#8211; <a href=\"http:\/\/oiseauxisere.free.fr\/observations\/methode_liste_rouge.pdf\" target=\"_blank\" rel=\"noreferrer noopener\">PDF<\/a> <a href=\"#bcd958b3-d102-4211-b1cf-53460ef55e20-link\" aria-label=\"Aller \u00e0 la note de bas de page 11\">\u21a9\ufe0e<\/a><\/li><li id=\"f4e4c1ea-4834-4278-8e70-3d04bbf8f90e\"><strong>Loose D. 1987 <\/strong>&#8211; Premi\u00e8re liste comment\u00e9e des Odonates en Is\u00e8re. &#8211; <em>Sympetrum, <\/em>1. &#8211; <a href=\"http:\/\/sympetrum.org\/pdf\/sympetrum01.pdf\" target=\"_blank\" rel=\"noreferrer noopener\">PDF<\/a> <a href=\"#f4e4c1ea-4834-4278-8e70-3d04bbf8f90e-link\" aria-label=\"Aller \u00e0 la note de bas de page 12\">\u21a9\ufe0e<\/a><\/li><li id=\"9b3a540d-c592-4b93-814a-2d9f225642eb\"><strong>Deliry C. 1987 <\/strong>&#8211; Bilan et perspectives des observations d&rsquo;Odonates en Savoie et Haute-Savoie. &#8211; <em>Sympetrum, <\/em>1.  &#8211; <a href=\"http:\/\/sympetrum.org\/pdf\/sympetrum01.pdf\" target=\"_blank\" rel=\"noreferrer noopener\">PDF<\/a> <a href=\"#9b3a540d-c592-4b93-814a-2d9f225642eb-link\" aria-label=\"Aller \u00e0 la note de bas de page 13\">\u21a9\ufe0e<\/a><\/li><li id=\"f8d43c84-9231-47d4-8c54-8c17673cb971\"><strong>Deliry C. 1997 <\/strong>&#8211; Atlas des Libellules rh\u00f4nalpines. Premier volet esp\u00e8ces rares et menac\u00e9es dans le nord des Alpes fran\u00e7aises. &#8211; <em>Sympetrum, <\/em>11, 12 et 13 : 62+48+73 pp. <a href=\"#f8d43c84-9231-47d4-8c54-8c17673cb971-link\" aria-label=\"Aller \u00e0 la note de bas de page 14\">\u21a9\ufe0e<\/a><\/li><li id=\"98a6eca6-2bd6-4523-8fc1-dcd7e475e156\"><strong>Deliry C. 1995 <\/strong>&#8211; Bilan des connaissances sur les Odonates de l&rsquo;Ain. El\u00e9ments pour l&rsquo;\u00e9laboration d&rsquo;une Liste Rouge d\u00e9partementale. Liste Rouge des Libellules de l&rsquo;Ain. &#8211; <em><span style=\"text-decoration: underline;\">In<\/span> <\/em>: Deliry C. &#8211; <em>Libellules de la Chute de Br\u00e9gnier-Cordon. CNR. <\/em>&#8211; Dossier d&rsquo;Etude du GRPLS. <a href=\"#98a6eca6-2bd6-4523-8fc1-dcd7e475e156-link\" aria-label=\"Aller \u00e0 la note de bas de page 15\">\u21a9\ufe0e<\/a><\/li><li id=\"6799e846-b233-4198-abc3-675347f279e8\"><strong>Deliry C. 1998 <\/strong>&#8211; Mat\u00e9riel pour une Liste Rouge des Libellules du d\u00e9partement de l&rsquo;Ain. &#8211; <em>Sympetrum, <\/em>11. &#8211; <a href=\"http:\/\/sympetrum.org\/pdf\/sympetrum11.pdf\">PDF<\/a> <a href=\"#6799e846-b233-4198-abc3-675347f279e8-link\" aria-label=\"Aller \u00e0 la note de bas de page 16\">\u21a9\ufe0e<\/a><\/li><li id=\"da1dff63-0778-4f92-bad6-c18cb12d0cbf\"><strong>Deliry C. (coord.) 2008<\/strong> &#8211; <em>Atlas illustr\u00e9 des libellules de la r\u00e9gion Rh\u00f4ne-Alpes. <\/em>&#8211; Direction du Groupe <em>Sympetrum<\/em> et Mus\u00e9um d&rsquo;Histoire Naturelle de Grenoble, \u00e9dition Biotope, M\u00e8ze (collection Parth\u00e9nope) : 408 pp. <a href=\"#da1dff63-0778-4f92-bad6-c18cb12d0cbf-link\" aria-label=\"Aller \u00e0 la note de bas de page 17\">\u21a9\ufe0e<\/a><\/li><li id=\"c4c6b98c-acc8-463d-983b-a0827a008770\"><strong>Deliry C. &amp; le Groupe Sympetrum 2011 <\/strong>&#8211; <em>Nouvelles Listes Rouges des Odonates en Rh\u00f4ne-Alpes &amp; Dauphin\u00e9. <\/em>&#8211; Collection Concepts &amp; M\u00e9thodes, <em>Histoires Naturelles <\/em>n\u00b025. <a href=\"#c4c6b98c-acc8-463d-983b-a0827a008770-link\" aria-label=\"Aller \u00e0 la note de bas de page 18\">\u21a9\ufe0e<\/a><\/li><li id=\"bbcf80c6-c46b-42b2-a438-3f2b799ec347\"><strong>Deliry C. &amp; le Groupe Sympetrum 2013 <\/strong>&#8211; <em>Nouvelles Listes Rouges des Odonates en Rh\u00f4ne-Alpes &amp; Dauphin\u00e9. <\/em>&#8211; Collection Concepts &amp; M\u00e9thodes, <em>Histoires Naturelles <\/em>n\u00b025. \u2013\u00a0<a href=\"https:\/\/deliry.com\/pdf\/hn25bis.pdf\" target=\"_blank\" rel=\"noreferrer noopener\">PDF<\/a> <a href=\"#bbcf80c6-c46b-42b2-a438-3f2b799ec347-link\" aria-label=\"Aller \u00e0 la note de bas de page 19\">\u21a9\ufe0e<\/a><\/li><li id=\"9b3833e6-dc4f-4cea-b93f-bfffddd8270a\"><strong>Deliry C. &amp; le Groupe Sympetrum 2013<\/strong>\u00a0&#8211;\u00a0<em>Liste d\u2019alerte des Odonates de Savoie. 2013. &#8211; PNAO (2011-2015).<\/em>\u00a0&#8211; Doc. GRPLS. <a href=\"#9b3833e6-dc4f-4cea-b93f-bfffddd8270a-link\" aria-label=\"Aller \u00e0 la note de bas de page 20\">\u21a9\ufe0e<\/a><\/li><li id=\"e5c32fde-95c3-47e0-8a68-a3494a894e3a\"><strong>Sth\u00e8me de Jub\u00e9court J., Boeglin Y., Deliry C. &amp; le Groupe Sympetrum 2015<\/strong>\u00a0&#8211;\u00a0<em>Liste d\u2019alerte des Odonates de la Loire. 2015.<\/em>\u00a0&#8211; PNAO (2011-2015). &#8211; Doc. GRPLS &#8211;\u00a0<a href=\"https:\/\/odonates.net\/pdf\/laloire2015.pdf\" target=\"_blank\" rel=\"noreferrer noopener\">PDF<\/a> <a href=\"#e5c32fde-95c3-47e0-8a68-a3494a894e3a-link\" aria-label=\"Aller \u00e0 la note de bas de page 21\">\u21a9\ufe0e<\/a><\/li><li id=\"d108e63d-099b-4ece-a2cc-a9735a0c702d\"><strong>Deliry C., Noally L., Ulmer A. (coord.) 2022<\/strong>\u00a0&#8211;\u00a0<em>Libellules et Demoiselles de la Loire. Atlas des Odonates du d\u00e9partement de la Loire.<\/em>\u00a0&#8211; Groupe Sympetrum et FNE Loire\u00a0: 256 pp. <a href=\"#d108e63d-099b-4ece-a2cc-a9735a0c702d-link\" aria-label=\"Aller \u00e0 la note de bas de page 22\">\u21a9\ufe0e<\/a><\/li><li id=\"070470fe-b98c-4935-9eb7-64f95adfdd4e\"><strong>David G., Deliry C. &amp; le Groupe Sympetrum 2016<\/strong>\u00a0&#8211;\u00a0<em>Liste d\u2019Alerte des Odonates du Rh\u00f4ne \u2013 2016.<\/em>\u00a0&#8211; Doc. GRPLS. &#8211;\u00a0<a href=\"https:\/\/odonates.net\/pdf\/larhone2016.pdf\" target=\"_blank\" rel=\"noreferrer noopener\">PDF<\/a> <a href=\"#070470fe-b98c-4935-9eb7-64f95adfdd4e-link\" aria-label=\"Aller \u00e0 la note de bas de page 23\">\u21a9\ufe0e<\/a><\/li><li id=\"cfe213ec-a7c3-49ef-8f01-2ebd94a117f1\"><strong>Lamouille-H\u00e9bert M. (coord.) 2020<\/strong>\u00a0&#8211;\u00a0<em>Atlas des Odonates de Haute-Savoie.<\/em>\u00a0&#8211; FNE Haute-Savoie, Groupe Sympetrum, Aster, LPO Haute-Savoie, D\u00e9partement. <a href=\"#cfe213ec-a7c3-49ef-8f01-2ebd94a117f1-link\" aria-label=\"Aller \u00e0 la note de bas de page 24\">\u21a9\ufe0e<\/a><\/li><li id=\"3e5d7aab-ca86-4ee3-92b9-f80b7d594811\"><strong>Faton J.M. (coord.) &amp; Deliry C. 2024\u00a0<\/strong>\u2013\u00a0<em>Liste rouge des Libellules de la Dr\u00f4me \u2013 Liste des sites remarquables pour les libellules et leur \u00e9volution depuis 40 ans. Premiers \u00e9l\u00e9ments de r\u00e9flexion.<\/em>\u00a0\u2013 Dossier Vert : Concepts &amp; M\u00e9thodes, Editions \u00ab Histoires Naturelles \u00bb n\u00b067 : 23 pp. + annexes. <a href=\"#3e5d7aab-ca86-4ee3-92b9-f80b7d594811-link\" aria-label=\"Aller \u00e0 la note de bas de page 25\">\u21a9\ufe0e<\/a><\/li><li id=\"1556a12e-fe53-4854-82aa-b5597a0553ab\"><strong>Faton J.M. &amp; Deliry C. 2026<\/strong> &#8211; <em>Liste rouge des zones humides de la Dr\u00f4me r\u00e9v\u00e9l\u00e9es par les Odonates.<\/em> &#8211; <em>Histoires Naturelles <\/em>n\u00b067 (derni\u00e8res relectures).  <a href=\"#1556a12e-fe53-4854-82aa-b5597a0553ab-link\" aria-label=\"Aller \u00e0 la note de bas de page 26\">\u21a9\ufe0e<\/a><\/li><li id=\"df6cf86f-f43f-405f-aca2-c29412ac958a\"><strong>Deliry C. 1988 <\/strong>&#8211; <em>L&rsquo;Etournel (01 \/ 74). <\/em>&#8211; Dossier Rouge n\u00b01, GRPLS. <a href=\"#df6cf86f-f43f-405f-aca2-c29412ac958a-link\" aria-label=\"Aller \u00e0 la note de bas de page 27\">\u21a9\ufe0e<\/a><\/li><li id=\"74209f62-0093-4f2d-a6e7-c8af752f6e43\"><a href=\"https:\/\/patrimoines.ain.fr\/n\/marais-de-l-etournel-a-pougny-et-collonges\/n:1177\" target=\"_blank\" rel=\"noreferrer noopener\">Marais de l&rsquo;Etournel \u00e0 Pougny et Collonges &#8211; Pr\u00e9sentation sur Internet consult\u00e9 le 23 avril 2026<\/a> \u279a <a href=\"#74209f62-0093-4f2d-a6e7-c8af752f6e43-link\" aria-label=\"Aller \u00e0 la note de bas de page 28\">\u21a9\ufe0e<\/a><\/li><li id=\"b3f254c1-13a9-484c-99f9-cea8e4af22e6\"><strong>Lamouille-H\u00e9bert M., Leclerc D. &amp; Joanin M. 2023<\/strong>\u00a0&#8211;\u00a0<em>Tourbi\u00e8re de la Colombi\u00e8re, plateau de Beauregard (Haute-Savoie).<\/em>\u00a0&#8211; Dossier Rouge n\u00b065\u00a0: 11 pp. &#8211; <strong>Faton J.M. 2023<\/strong>\u00a0&#8211;\u00a0<em>\u00c9tude des libellules du site Natura 2000 du Roubion (Dr\u00f4me).<\/em>\u00a0&#8211; Dossier Rouge n\u00b066, Groupe Sympetrum, octobre 2023. &#8211;\u00a0<a href=\"https:\/\/deliry.com\/pdf\/DR66_Roubion_2023_vf.pdf\">PDF<\/a> &#8211; <strong>Faton J.M. 2024<\/strong>\u00a0&#8211;\u00a0<em>Les tufi\u00e8res des Vauthi\u00e8res \u00e0 Gruffy (Haute-Savoie, Massif des Bauges).<\/em>\u00a0&#8211; Dossier Rouge du GRPLS, n\u00b067, r\u00e9alis\u00e9 dans le cadre d&rsquo;une \u00e9tude pilot\u00e9e par l&rsquo;Ifreemis. &#8211;\u00a0<a href=\"https:\/\/deliry.com\/pdf\/DR67_Tufiere_des_Vauthieres_Gruffy_74_2024.pdf\">PDF<\/a> &#8211; <strong>Faton J.M. &amp; Mathieu R. 2024<\/strong>\u00a0&#8211;\u00a0<em>Le ruisseau tufeux du Ravin de la Pissarotte \u00e0 Establet (Dr\u00f4me, Haut-Diois).<\/em>\u00a0&#8211; Dossier Rouge n\u00b068, d\u00e9cembre 2024, financement DDT 26\u00a0: 45 pp. &#8211;\u00a0<a href=\"https:\/\/deliry.com\/pdf\/DR68_Tufi%C3%A8re_de_la_Pissarotte_26-VF_public-Reduced.pdf\">PDF<\/a>.  \u279a <a href=\"#b3f254c1-13a9-484c-99f9-cea8e4af22e6-link\" aria-label=\"Aller \u00e0 la note de bas de page 29\">\u21a9\ufe0e<\/a><\/li><li id=\"f706f840-86b1-4f68-88a5-459f22b0c784\"><strong>Juliand C. &amp; Juliand P. 1989 <\/strong>&#8211; Il y a bien des Libellules en Ard\u00e8che ! (07). &#8211; <em>Martinia, <\/em>5 (3) : 79-80. &#8211; [47 esp\u00e8ces connues \u00e0 l&rsquo;\u00e9poque]. ### <a href=\"#f706f840-86b1-4f68-88a5-459f22b0c784-link\" aria-label=\"Aller \u00e0 la note de bas de page 30\">\u21a9\ufe0e<\/a><\/li><li id=\"7b40e62f-a010-430f-86a5-f653930edd36\"><a href=\"https:\/\/odonates.net\/odofrance\/isere-38\/\">Is\u00e8re (38), Odonates en France consult\u00e9 le 23 avril 2026<\/a> \u279a <a href=\"#7b40e62f-a010-430f-86a5-f653930edd36-link\" aria-label=\"Aller \u00e0 la note de bas de page 31\">\u21a9\ufe0e<\/a><\/li><li id=\"c28f6dd2-a35f-46d6-aa7f-46b990d6b002\"><a href=\"https:\/\/odonates.net\/odofrance\/ardeche-07\/\" target=\"_blank\" rel=\"noreferrer noopener\">Ard\u00e8che (07), Odonates en France consult\u00e9 le 23 avril 2026<\/a> \u279a  <a href=\"#c28f6dd2-a35f-46d6-aa7f-46b990d6b002-link\" aria-label=\"Aller \u00e0 la note de bas de page 32\">\u21a9\ufe0e<\/a><\/li><li id=\"fcb4d67f-3896-4b7c-8dd2-7d58981472c5\"><a href=\"https:\/\/deliry.com\/?p=8895\">Page d\u00e9di\u00e9e \u00e0 la SfO sur les <em>Histoires Naturelles<\/em><\/a> <a href=\"#fcb4d67f-3896-4b7c-8dd2-7d58981472c5-link\" aria-label=\"Aller \u00e0 la note de bas de page 33\">\u21a9\ufe0e<\/a><\/li><li id=\"707659f7-2689-433d-9b56-16b2b14daa44\"><a href=\"https:\/\/bfcnature.fr\/wp-content\/uploads\/2023\/03\/Programme_14eRencontres.pdf\">Vendredi 20 et Samedi 21 octobre 2017 \u00e0 la Maison du Parc Naturel r\u00e9gional du Morvan, Saint-Brisson (Ni\u00e8vre). <em>Les Libellules le juste milieu ? Entre naturalit\u00e9 et intervention <\/em>(programme PDF)<\/a> \u279a <a href=\"#707659f7-2689-433d-9b56-16b2b14daa44-link\" aria-label=\"Aller \u00e0 la note de bas de page 34\">\u21a9\ufe0e<\/a><\/li><li id=\"afa3794f-9f2c-4cdd-aa7a-aa225ea7bf43\"><a href=\"https:\/\/martinia.insectes.org\/\" target=\"_blank\" rel=\"noreferrer noopener\"><em>Martinia, <\/em>Revue scientifique de l&rsquo;odonatologie fran\u00e7aise (en ligne)<\/a> \u279a <a href=\"#afa3794f-9f2c-4cdd-aa7a-aa225ea7bf43-link\" aria-label=\"Aller \u00e0 la note de bas de page 35\">\u21a9\ufe0e<\/a><\/li><li id=\"dc385fa5-07fe-41f4-8cd5-55194d5f5c43\"><a href=\"https:\/\/atlas-odonates.insectes.org\/\">Atlas dynamique des Odonates de France (Opie) (en ligne : 98 esp\u00e8ces, 2.947.946 observartions), consult\u00e9 le 23 avril 2026<\/a> \u279a <a href=\"#dc385fa5-07fe-41f4-8cd5-55194d5f5c43-link\" aria-label=\"Aller \u00e0 la note de bas de page 36\">\u21a9\ufe0e<\/a><\/li><li id=\"e879377d-d556-473d-b57a-1b4733f162fa\"><a href=\"https:\/\/insectes.org\/evenement\/journees-opie-odonates-2026-en-ile-de-france\/\">Journ\u00e9es Opie-odonates en 2026 les 13 et 14 juin 2026, (cinqui\u00e8mes JOO) pr\u00e8s de la for\u00eat de Fontainebleau avec l&rsquo;Association des naturalistes de la vall\u00e9e du Loing et de la For\u00eat de Fontainebleau (inscription en ligne)<\/a> <a href=\"#e879377d-d556-473d-b57a-1b4733f162fa-link\" aria-label=\"Aller \u00e0 la note de bas de page 37\">\u21a9\ufe0e<\/a><\/li><li id=\"e1ebd8cb-d8aa-4702-8ed0-c659a03ddc3e\"><a href=\"http:\/\/Listes Rouges des Odonates en Auvergne Rh\u00f4ne-Alpes : historique - Sur les Histoires Naturelles\">Listes Rouges des Odonates en Auvergne Rh\u00f4ne-Alpes : historique &#8211; Sur les <em>Histoires Naturelles<\/em><\/a> <a href=\"#e1ebd8cb-d8aa-4702-8ed0-c659a03ddc3e-link\" aria-label=\"Aller \u00e0 la note de bas de page 38\">\u21a9\ufe0e<\/a><\/li><li id=\"69286d2f-43c2-49ce-950a-e5f62092fd87\"><strong>Gilard B. &amp; Villepoux O. (coord.) 2004<\/strong>\u00a0\u2013\u00a0<em>Liste des Odonates d\u00e9terminants ZNIEFF. [Avec Liste Rouge]<\/em>\u00a0\u2013 DIREN. <a href=\"#69286d2f-43c2-49ce-950a-e5f62092fd87-link\" aria-label=\"Aller \u00e0 la note de bas de page 39\">\u21a9\ufe0e<\/a><\/li><li id=\"b8918605-054d-4665-8cd3-4490e8f7a85c\"><strong>Groupe Odonat\u2019Auvergne 2017\u00a0<\/strong>\u2013\u00a0<em>Liste<\/em><em> rouge des odonates d\u2019Auvergne.\u00a0<\/em>\u2013 Groupe Odonat\u2019Auvergne, DREAL Auvergne Rh\u00f4ne-Alpes : 23 pp. &#8211; <a href=\"https:\/\/www.auvergne-rhone-alpes.developpement-durable.gouv.fr\/IMG\/pdf\/lrrodonatesauvergne_goa_2017_vf-2.pdf\" target=\"_blank\" rel=\"noreferrer noopener\">PDF<\/a> <a href=\"#b8918605-054d-4665-8cd3-4490e8f7a85c-link\" aria-label=\"Aller \u00e0 la note de bas de page 40\">\u21a9\ufe0e<\/a><\/li><li id=\"386d4275-7c38-470f-be79-ca16874159e3\"><strong>Deliry C. 1997 <\/strong>&#8211; Atlas des Libellules rh\u00f4nalpines. Premier volet esp\u00e8ces rares et menac\u00e9es dans le nord des Alpes fran\u00e7aises. &#8211; <em>Sympetrum, <\/em>11, 12 et 13 : 62+48+73 pp. \u2013\u00a0<a href=\"http:\/\/sympetrum.org\/pdf\/sympetrum12.pdf\" target=\"_blank\" rel=\"noreferrer noopener\">PDF\u00a0(n\u00b012)<\/a>\u00a0\u2013\u00a0<a href=\"http:\/\/sympetrum.org\/pdf\/sympetrum13.pdf\" target=\"_blank\" rel=\"noreferrer noopener\">PDF\u00a0(n\u00b013)<\/a>\u00a0\u2013\u00a0<a href=\"http:\/\/sympetrum.org\/pdf\/sympetrum14.pdf\" target=\"_blank\" rel=\"noreferrer noopener\">PDF\u00a0(n\u00b014)<\/a> <a href=\"#386d4275-7c38-470f-be79-ca16874159e3-link\" aria-label=\"Aller \u00e0 la note de bas de page 41\">\u21a9\ufe0e<\/a><\/li><li id=\"6eb91d7a-2d63-4ea2-b9be-09518addd6a3\"><strong>Funkiewiez K. &amp; Deliry C. 1997 <\/strong>&#8211; Sympetrum, Sp\u00e9cial 10 ans. &#8211; <em>Sympetrum, <\/em>10 : 40 pp. &#8211; <a href=\"http:\/\/sympetrum.org\/pdf\/sympetrum10.pdf\" target=\"_blank\" rel=\"noreferrer noopener\">PDF<\/a> <a href=\"#6eb91d7a-2d63-4ea2-b9be-09518addd6a3-link\" aria-label=\"Aller \u00e0 la note de bas de page 42\">\u21a9\ufe0e<\/a><\/li><li id=\"d416b9e7-d63c-40f7-830a-cca552867561\">Voir : <strong>Dommanget J.L. 1995 <\/strong>&#8211; Secondes rencontres odonatologiques de France. Oulche (Inde), 16, 17, 18 et 19 juin 1995. Compte-rendu et premier bilan. &#8211;<em> Martinia, <\/em>11 (3\u00e0 : 51-69. <a href=\"#d416b9e7-d63c-40f7-830a-cca552867561-link\" aria-label=\"Aller \u00e0 la note de bas de page 43\">\u21a9\ufe0e<\/a><\/li><li id=\"4e451f45-5f4f-490c-bc39-4cae397c31d6\"><strong>Deliry C. (coord.) 2006 <\/strong>&#8211; <em>Liste rouge des Libellules de la r\u00e9gion Rh\u00f4ne-Alpes. <\/em>&#8211; Collection Concepts &amp; M\u00e9thodes, Groupe <em>Sympetrum <\/em>: 35 pp. <a href=\"#4e451f45-5f4f-490c-bc39-4cae397c31d6-link\" aria-label=\"Aller \u00e0 la note de bas de page 44\">\u21a9\ufe0e<\/a><\/li><li id=\"622be2f8-da54-484b-bf2f-3f5a0f468d50\"><strong>Deliry C. (coord.) 2008<\/strong> &#8211; <em>Atlas illustr\u00e9 des libellules de la r\u00e9gion Rh\u00f4ne-Alpes. <\/em>&#8211; Direction du Groupe <em>Sympetrum<\/em> et Mus\u00e9um d&rsquo;Histoire Naturelle de Grenoble, \u00e9dition Biotope, M\u00e8ze (collection Parth\u00e9nope) : 408 pp. <a href=\"#622be2f8-da54-484b-bf2f-3f5a0f468d50-link\" aria-label=\"Aller \u00e0 la note de bas de page 45\">\u21a9\ufe0e<\/a><\/li><li id=\"057dc5c5-caf6-466c-8c88-284f7b361977\"><strong>Deliry C., Faton J.M. &amp; Pissavin S. 2003 <\/strong>&#8211; <em>Libellules remarquables de Rh\u00f4ne-Alpes. <\/em>&#8211; Mus\u00e9um de Grenoble et groupe <em>Sympetrum <\/em>: livret (20 pp.) et poster grand format. <a href=\"#057dc5c5-caf6-466c-8c88-284f7b361977-link\" aria-label=\"Aller \u00e0 la note de bas de page 46\">\u21a9\ufe0e<\/a><\/li><li id=\"2cf3df42-cf71-4b13-bbcc-c56457d27854\"><strong>Deliry C. &amp; le Groupe Sympetrum 2014 <\/strong>&#8211; <em>Liste Rouge des Odonates de Rh\u00f4ne-Alpes 2014. <\/em>&#8211; Collection Concepts &amp; M\u00e9thodes, Groupe <em>Sympetrum, Histoires Naturelles<\/em> n\u00b025.\u00a0\u2013\u00a0<a href=\"https:\/\/deliry.com\/pdf\/hn25.pdf\">PDF<\/a> <a href=\"#2cf3df42-cf71-4b13-bbcc-c56457d27854-link\" aria-label=\"Aller \u00e0 la note de bas de page 47\">\u21a9\ufe0e<\/a><\/li><li id=\"5c8a780d-c938-4eac-a7bf-58fe88766019\"><strong>Deliry C. &amp; le Groupe Sympetrum 2013 <\/strong>&#8211; <em>Nouvelles Listes Rouges des Odonates en Rh\u00f4ne-Alpes &amp; Dauphin\u00e9. <\/em>&#8211; Collection Concepts &amp; M\u00e9thodes, <em>Histoires Naturelles <\/em>n\u00b025. \u2013\u00a0<a href=\"https:\/\/deliry.com\/pdf\/hn25bis.pdf\" target=\"_blank\" rel=\"noreferrer noopener\">PDF<\/a> <a href=\"#5c8a780d-c938-4eac-a7bf-58fe88766019-link\" aria-label=\"Aller \u00e0 la note de bas de page 48\">\u21a9\ufe0e<\/a><\/li><li id=\"690ecb4d-15fe-478f-bd66-7ec7a6510c24\"><strong>Deliry C. (coord.) 2015<\/strong>\u00a0\u2013<em> Plan R\u00e9gional d\u2019Action en faveur des Odonates de Rh\u00f4ne-Alpes. D\u00e9clinaison r\u00e9gionale du PNAO en Rh\u00f4ne-Alpes. <\/em>\u2013 Groupe Sympetrum\u00a0: 124 pp. \u2013\u00a0<a href=\"https:\/\/deliry.com\/pdf\/prao_sympetrum_proposition.pdf\" target=\"_blank\" rel=\"noreferrer noopener\">PDF<\/a> <a href=\"#690ecb4d-15fe-478f-bd66-7ec7a6510c24-link\" aria-label=\"Aller \u00e0 la note de bas de page 49\">\u21a9\ufe0e<\/a><\/li><li id=\"db7fa050-2c3f-4292-9e5a-236143d68822\"><strong>Soissons A. &amp; Lamouille-H\u00e9bert M. (coord.) 2019\u00a0<\/strong>\u2013\u00a0<em>Agir pour les Odonates. Etat des lieux des esp\u00e8ces du plan d\u2019actions odonates en Auvergne Rh\u00f4ne-Alpes.\u00a0<\/em>\u2013 CEN Auvergne, FNE Haute-Savoie. \u2013\u00a0<a href=\"https:\/\/libellules.pnaopie.fr\/wp-content\/uploads\/2022\/08\/etat_des_lieux_odonates_pna_aura.pdf\" target=\"_blank\" rel=\"noreferrer noopener\">PDF<\/a> <a href=\"#db7fa050-2c3f-4292-9e5a-236143d68822-link\" aria-label=\"Aller \u00e0 la note de bas de page 50\">\u21a9\ufe0e<\/a><\/li><\/ol>","protected":false},"excerpt":{"rendered":"<p>Un h\u00e9ritage exceptionnel : celui de Charles Degrange (1926-2023) Alors que l&rsquo;association n&rsquo;\u00e9tait pas encore fond\u00e9e, un nouveau travail sur les Odonates, insectes aussi d\u00e9sign\u00e9es &hellip; <\/p>\n","protected":false},"author":1,"featured_media":11648,"comment_status":"closed","ping_status":"closed","sticky":false,"template":"","format":"standard","meta":{"footnotes":"[{\"content\":\"<span style=\\\"text-decoration: underline;\\\">S\u00e9lection libre de r\u00e9f\u00e9rences<\/span> - <strong>Degrange C. &amp; Seassau M.D. 1968.<\/strong>\u00a0- Odonates des Alpes-Maritimes. -\u00a0<em>Travaux du Laboratoire d'Hydrobiologie et de Pisciculture de l'Universit\u00e9 de Grenoble,<\/em>\u00a059\/60\u00a0: 65-82 + 1 fig. - <strong>Degrange C. &amp; Seassau M.D. 1969<\/strong>\u00a0- Odonates des eaux \u00e0 sphaignes en Dauphin\u00e9. R\u00e9sum\u00e9 des communications. -\u00a0<em>Annals Stat. Biol. Besse en Chandesse,<\/em>\u00a04. - <strong>Degrange C. &amp; Seassau M.D. 1970<\/strong>\u00a0- Premi\u00e8re capture en Europe de la larve de\u00a0<em>Hemaniax ephippiger<\/em>\u00a0(Burmeister), 1839 (Odonata, Anisoptera, Aeschnidae). -\u00a0<em>Travaux du Laboratoire d'Hydrobiologie et de Pisciculture de l'Universit\u00e9 de Grenoble,<\/em>\u00a061\u00a0: 77-87. - <strong>Degrange C. &amp; Seassau M.D. 1970<\/strong>\u00a0- Odonates de quelques hautes tourbi\u00e8res \u00e0 sphaignes du Dauphin\u00e9. -\u00a0<em>Travaux du Laboratoire d'Hydrobiologie et de Pisciculture de l'Universit\u00e9 de Grenoble,<\/em>\u00a061\u00a0: 89-106. - <strong>Degrange C. &amp; Seassau M.D. 1974<\/strong>\u00a0- Odonates\u00a0<em>Corduliidae<\/em>\u00a0de Savoie et du Dauphin\u00e9. -\u00a0<em>Travaux du Laboratoire d'Hydrobiologie et de Pisciculture de l'Universit\u00e9 de Grenoble,<\/em>\u00a064-65\u00a0: 289-308. - <strong>Degrange C., Vaillant F., Serra-Tosio B. 1976<\/strong>\u00a0-\u00a0<em>Inventaire faunistique des milieux humides du plateau d\u2019Emparis, du col du Lautaret, du plan du Lac (Saint-Christophe- en-Oisans), de la plaine de Bourg-d\u2019Oisans et du massif du Taillefer.<\/em>\u00a0- Rapport du contrat de recherche n\u00b012.5\/76\u00a0: 34 pp. - <strong>Degrange C. 1981<\/strong>\u00a0-\u00a0<em>Les milieux aquatiques de lisi\u00e8re dans la Vall\u00e9e du Rh\u00f4ne en amont de Lyon.<\/em>\u00a0- Comit\u00e9 Faune\/ Flore, Univ. Grenoble. - <strong>Degrange C. 1990<\/strong>\u00a0- Origine et \u00e9volution de quelques \u00e9l\u00e9ments de l'entomofaune d'un lac-tourbi\u00e8re de haute-montagne\u00a0: le Lac du Lait (2180 m). Parc National de la Vanoise. -\u00a0<em>Trav. Sc. Parc nation. Vanoise,<\/em>\u00a0XVII (1989)\u00a0: 167-192. - <strong>Degrange C. &amp; Martinot J.P. 1995<\/strong>\u00a0- Entomofaune du Lac du Lait (2180 m). Parc National de la Vanoise. (seconde partie). -\u00a0<em>Trav. sci. Parc nation. Vanoise,<\/em>\u00a0XIX\u00a0: 255-277.\",\"id\":\"84ef557a-c6dc-43eb-a467-f4e78465ff24\"},{\"content\":\"<strong>Sowa R. &amp; Degrange C. &amp; Sartori M. 1986<\/strong>\u00a0-\u00a0<em>Rhithrogena gratianopolitana<\/em>\u00a0sp. n. du groupe\u00a0<em>hybrida<\/em>\u00a0(Ephemeroptera, Heptageniidae) des Alpes fran\u00e7aises et helvetiques. -\u00a0<em>Bull. Soc. Vaud. Sei. Nat.,<\/em>\u00a078\u00a0: 215-223.\u00a0-\u00a0<a href=\\\"https:\/\/www.researchgate.net\/profile\/Michel-Sartori\/publication\/307590363_Rhithrogena_grationapolitana_sp_n_belonging_to_the_hybrida_group_Ephemeroptera_Heptageniidae_from_the_French_and_Swiss_Alps\/links\/57cd321e08ae59825185ffe9\/Rhithrogena-grationapolitana-sp-n-belonging-to-the-hybrida-group-Ephemeroptera-Heptageniidae-from-the-French-and-Swiss-Alps.pdf\\\" target=\\\"_blank\\\" rel=\\\"noreferrer noopener\\\">ONLINE<\/a>\",\"id\":\"6a081540-98e7-46a3-b16b-941bead66ec1\"},{\"content\":\"<a href=\\\"https:\/\/sympetrum.fr\/\\\" target=\\\"_blank\\\" rel=\\\"noreferrer noopener\\\">Site Internet du Groupe Sympetrum (GRPLS) consult\u00e9 le 23 avril 2026<\/a> \u279a\",\"id\":\"9a135f62-42de-4e19-b54d-9c72f5b8697d\"},{\"content\":\"<a href=\\\"https:\/\/deliry.com\/?p=8895\\\">Page d\u00e9di\u00e9e \u00e0 la SfO sur les <em>Histoires Naturelles<\/em><\/a>\",\"id\":\"f844cc79-8d6c-407f-8c38-7a1012c2c307\"},{\"content\":\"<a href=\\\"http:\/\/assoslo.free.fr\/\\\" target=\\\"_blank\\\" rel=\\\"noreferrer noopener\\\">Site Internet de la SLO consult\u00e9 le 23 avril 2026<\/a> \u279a\",\"id\":\"018f4093-cc96-4a26-9040-37dbfc79acc4\"},{\"content\":\"<a href=\\\"http:\/\/groupeodonatauvergne.fr\/\\\">Site Internet du Groupe Odonat'Auvergne consult\u00e9 le 23 avril 2026<\/a> \u279a\",\"id\":\"503f1486-1743-4b77-accb-299fb50f2701\"},{\"content\":\"<a href=\\\"https:\/\/www.fne-aura.org\/actualites\/haute-savoie\/groupe-odonates-haute-savoie\/\\\" target=\\\"_blank\\\" rel=\\\"noreferrer noopener\\\">Communiqu\u00e9 du 1er janvier 2019 sur le site FNE Haute-Savoie<\/a> \u279a\",\"id\":\"a9c5c33b-567e-4b88-a70d-2f0ca5ccbd22\"},{\"content\":\"<a href=\\\"https:\/\/observatoire.shna-ofab.fr\/fr\/le-groupe-odonates-bourgogne_312.html\\\">Site Internet du Groupe Odonates Bourgogne (archives) consult\u00e9 le 23 avril 2026<\/a> \u279a\",\"id\":\"c9889a5d-4358-4d21-a0e9-05c8eb79ce6f\"},{\"content\":\"<a href=\\\"https:\/\/insectes.org\/lassociation\/groupes-de-lopie\/\\\" target=\\\"_blank\\\" rel=\\\"noreferrer noopener\\\">Page de pr\u00e9sentation des quatre groupes de travail et deux groupes locaux de l'Opie consult\u00e9e le 23 avril 2026 <\/a>\u279a\",\"id\":\"3f5bb7ba-3c68-4936-b885-aac3f581b677\"},{\"content\":\"<a href=\\\"https:\/\/odonatagallica.com\/\\\" target=\\\"_blank\\\" rel=\\\"noreferrer noopener\\\">Site Internet de <em>La Selysienne, <\/em>consult\u00e9 le 23 avril 2026<\/a> \u279a\",\"id\":\"772ddf39-fb4a-49c5-bf86-7367e7d00668\"},{\"content\":\"Voir d\u00e9tails et r\u00e9f\u00e9rences <em>in<\/em> <strong>Loose D. &amp; Deliry C. 1996<\/strong> - <em>Les Listes Rouges de Vert\u00e9br\u00e9s du d\u00e9partement de l'Is\u00e8re. Pr\u00e9sentation de la m\u00e9thodologie et des r\u00e9sultats. <\/em>- Document num\u00e9rique du CORA Is\u00e8re : 19 pp. - <a href=\\\"http:\/\/oiseauxisere.free.fr\/observations\/methode_liste_rouge.pdf\\\" target=\\\"_blank\\\" rel=\\\"noreferrer noopener\\\">PDF<\/a>\",\"id\":\"bcd958b3-d102-4211-b1cf-53460ef55e20\"},{\"content\":\"<strong>Loose D. 1987 <\/strong>- Premi\u00e8re liste comment\u00e9e des Odonates en Is\u00e8re. - <em>Sympetrum, <\/em>1. - <a href=\\\"http:\/\/sympetrum.org\/pdf\/sympetrum01.pdf\\\" target=\\\"_blank\\\" rel=\\\"noreferrer noopener\\\">PDF<\/a>\",\"id\":\"f4e4c1ea-4834-4278-8e70-3d04bbf8f90e\"},{\"content\":\"<strong>Deliry C. 1987 <\/strong>- Bilan et perspectives des observations d'Odonates en Savoie et Haute-Savoie. - <em>Sympetrum, <\/em>1.  - <a href=\\\"http:\/\/sympetrum.org\/pdf\/sympetrum01.pdf\\\" target=\\\"_blank\\\" rel=\\\"noreferrer noopener\\\">PDF<\/a>\",\"id\":\"9b3a540d-c592-4b93-814a-2d9f225642eb\"},{\"content\":\"<strong>Deliry C. 1997 <\/strong>- Atlas des Libellules rh\u00f4nalpines. Premier volet esp\u00e8ces rares et menac\u00e9es dans le nord des Alpes fran\u00e7aises. - <em>Sympetrum, <\/em>11, 12 et 13 : 62+48+73 pp.\",\"id\":\"f8d43c84-9231-47d4-8c54-8c17673cb971\"},{\"content\":\"<strong>Deliry C. 1995 <\/strong>- Bilan des connaissances sur les Odonates de l'Ain. El\u00e9ments pour l'\u00e9laboration d'une Liste Rouge d\u00e9partementale. Liste Rouge des Libellules de l'Ain. - <em><span style=\\\"text-decoration: underline;\\\">In<\/span> <\/em>: Deliry C. - <em>Libellules de la Chute de Br\u00e9gnier-Cordon. CNR. <\/em>- Dossier d'Etude du GRPLS.\",\"id\":\"98a6eca6-2bd6-4523-8fc1-dcd7e475e156\"},{\"content\":\"<strong>Deliry C. 1998 <\/strong>- Mat\u00e9riel pour une Liste Rouge des Libellules du d\u00e9partement de l'Ain. - <em>Sympetrum, <\/em>11. - <a href=\\\"http:\/\/sympetrum.org\/pdf\/sympetrum11.pdf\\\">PDF<\/a>\",\"id\":\"6799e846-b233-4198-abc3-675347f279e8\"},{\"content\":\"<strong>Deliry C. (coord.) 2008<\/strong> - <em>Atlas illustr\u00e9 des libellules de la r\u00e9gion Rh\u00f4ne-Alpes. <\/em>- Direction du Groupe <em>Sympetrum<\/em> et Mus\u00e9um d'Histoire Naturelle de Grenoble, \u00e9dition Biotope, M\u00e8ze (collection Parth\u00e9nope) : 408 pp.\",\"id\":\"da1dff63-0778-4f92-bad6-c18cb12d0cbf\"},{\"content\":\"<strong>Deliry C. &amp; le Groupe Sympetrum 2011 <\/strong>- <em>Nouvelles Listes Rouges des Odonates en Rh\u00f4ne-Alpes &amp; Dauphin\u00e9. <\/em>- Collection Concepts &amp; M\u00e9thodes, <em>Histoires Naturelles <\/em>n\u00b025.\",\"id\":\"c4c6b98c-acc8-463d-983b-a0827a008770\"},{\"content\":\"<strong>Deliry C. &amp; le Groupe Sympetrum 2013 <\/strong>- <em>Nouvelles Listes Rouges des Odonates en Rh\u00f4ne-Alpes &amp; Dauphin\u00e9. <\/em>- Collection Concepts &amp; M\u00e9thodes, <em>Histoires Naturelles <\/em>n\u00b025. \u2013\u00a0<a href=\\\"https:\/\/deliry.com\/pdf\/hn25bis.pdf\\\" target=\\\"_blank\\\" rel=\\\"noreferrer noopener\\\">PDF<\/a>\",\"id\":\"bbcf80c6-c46b-42b2-a438-3f2b799ec347\"},{\"content\":\"<strong>Deliry C. &amp; le Groupe Sympetrum 2013<\/strong>\u00a0-\u00a0<em>Liste d\u2019alerte des Odonates de Savoie. 2013. - PNAO (2011-2015).<\/em>\u00a0- Doc. GRPLS.\",\"id\":\"9b3833e6-dc4f-4cea-b93f-bfffddd8270a\"},{\"content\":\"<strong>Sth\u00e8me de Jub\u00e9court J., Boeglin Y., Deliry C. &amp; le Groupe Sympetrum 2015<\/strong>\u00a0-\u00a0<em>Liste d\u2019alerte des Odonates de la Loire. 2015.<\/em>\u00a0- PNAO (2011-2015). - Doc. GRPLS -\u00a0<a href=\\\"https:\/\/odonates.net\/pdf\/laloire2015.pdf\\\" target=\\\"_blank\\\" rel=\\\"noreferrer noopener\\\">PDF<\/a>\",\"id\":\"e5c32fde-95c3-47e0-8a68-a3494a894e3a\"},{\"content\":\"<strong>Deliry C., Noally L., Ulmer A. (coord.) 2022<\/strong>\u00a0-\u00a0<em>Libellules et Demoiselles de la Loire. Atlas des Odonates du d\u00e9partement de la Loire.<\/em>\u00a0- Groupe Sympetrum et FNE Loire\u00a0: 256 pp.\",\"id\":\"d108e63d-099b-4ece-a2cc-a9735a0c702d\"},{\"content\":\"<strong>David G., Deliry C. &amp; le Groupe Sympetrum 2016<\/strong>\u00a0-\u00a0<em>Liste d\u2019Alerte des Odonates du Rh\u00f4ne \u2013 2016.<\/em>\u00a0- Doc. GRPLS. -\u00a0<a href=\\\"https:\/\/odonates.net\/pdf\/larhone2016.pdf\\\" target=\\\"_blank\\\" rel=\\\"noreferrer noopener\\\">PDF<\/a>\",\"id\":\"070470fe-b98c-4935-9eb7-64f95adfdd4e\"},{\"content\":\"<strong>Lamouille-H\u00e9bert M. (coord.) 2020<\/strong>\u00a0-\u00a0<em>Atlas des Odonates de Haute-Savoie.<\/em>\u00a0- FNE Haute-Savoie, Groupe Sympetrum, Aster, LPO Haute-Savoie, D\u00e9partement.\",\"id\":\"cfe213ec-a7c3-49ef-8f01-2ebd94a117f1\"},{\"content\":\"<strong>Faton J.M. (coord.) &amp; Deliry C. 2024\u00a0<\/strong>\u2013\u00a0<em>Liste rouge des Libellules de la Dr\u00f4me \u2013 Liste des sites remarquables pour les libellules et leur \u00e9volution depuis 40 ans. Premiers \u00e9l\u00e9ments de r\u00e9flexion.<\/em>\u00a0\u2013 Dossier Vert : Concepts &amp; M\u00e9thodes, Editions \u00ab Histoires Naturelles \u00bb n\u00b067 : 23 pp. + annexes.\",\"id\":\"3e5d7aab-ca86-4ee3-92b9-f80b7d594811\"},{\"content\":\"<strong>Faton J.M. &amp; Deliry C. 2026<\/strong> - <em>Liste rouge des zones humides de la Dr\u00f4me r\u00e9v\u00e9l\u00e9es par les Odonates.<\/em> - <em>Histoires Naturelles <\/em>n\u00b067 (derni\u00e8res relectures). \",\"id\":\"1556a12e-fe53-4854-82aa-b5597a0553ab\"},{\"content\":\"<strong>Deliry C. 1988 <\/strong>- <em>L'Etournel (01 \/ 74). <\/em>- Dossier Rouge n\u00b01, GRPLS.\",\"id\":\"df6cf86f-f43f-405f-aca2-c29412ac958a\"},{\"content\":\"<a href=\\\"https:\/\/patrimoines.ain.fr\/n\/marais-de-l-etournel-a-pougny-et-collonges\/n:1177\\\" target=\\\"_blank\\\" rel=\\\"noreferrer noopener\\\">Marais de l'Etournel \u00e0 Pougny et Collonges - Pr\u00e9sentation sur Internet consult\u00e9 le 23 avril 2026<\/a> \u279a\",\"id\":\"74209f62-0093-4f2d-a6e7-c8af752f6e43\"},{\"content\":\"<strong>Lamouille-H\u00e9bert M., Leclerc D. &amp; Joanin M. 2023<\/strong>\u00a0-\u00a0<em>Tourbi\u00e8re de la Colombi\u00e8re, plateau de Beauregard (Haute-Savoie).<\/em>\u00a0- Dossier Rouge n\u00b065\u00a0: 11 pp. - <strong>Faton J.M. 2023<\/strong>\u00a0-\u00a0<em>\u00c9tude des libellules du site Natura 2000 du Roubion (Dr\u00f4me).<\/em>\u00a0- Dossier Rouge n\u00b066, Groupe Sympetrum, octobre 2023. -\u00a0<a href=\\\"https:\/\/deliry.com\/pdf\/DR66_Roubion_2023_vf.pdf\\\">PDF<\/a> - <strong>Faton J.M. 2024<\/strong>\u00a0-\u00a0<em>Les tufi\u00e8res des Vauthi\u00e8res \u00e0 Gruffy (Haute-Savoie, Massif des Bauges).<\/em>\u00a0- Dossier Rouge du GRPLS, n\u00b067, r\u00e9alis\u00e9 dans le cadre d'une \u00e9tude pilot\u00e9e par l'Ifreemis. -\u00a0<a href=\\\"https:\/\/deliry.com\/pdf\/DR67_Tufiere_des_Vauthieres_Gruffy_74_2024.pdf\\\">PDF<\/a> - <strong>Faton J.M. &amp; Mathieu R. 2024<\/strong>\u00a0-\u00a0<em>Le ruisseau tufeux du Ravin de la Pissarotte \u00e0 Establet (Dr\u00f4me, Haut-Diois).<\/em>\u00a0- Dossier Rouge n\u00b068, d\u00e9cembre 2024, financement DDT 26\u00a0: 45 pp. -\u00a0<a href=\\\"https:\/\/deliry.com\/pdf\/DR68_Tufi%C3%A8re_de_la_Pissarotte_26-VF_public-Reduced.pdf\\\">PDF<\/a>.  \u279a\",\"id\":\"b3f254c1-13a9-484c-99f9-cea8e4af22e6\"},{\"content\":\"<strong>Juliand C. &amp; Juliand P. 1989 <\/strong>- Il y a bien des Libellules en Ard\u00e8che ! (07). - <em>Martinia, <\/em>5 (3) : 79-80. - [47 esp\u00e8ces connues \u00e0 l'\u00e9poque]. ###\",\"id\":\"f706f840-86b1-4f68-88a5-459f22b0c784\"},{\"content\":\"<a href=\\\"https:\/\/odonates.net\/odofrance\/isere-38\/\\\">Is\u00e8re (38), Odonates en France consult\u00e9 le 23 avril 2026<\/a> \u279a\",\"id\":\"7b40e62f-a010-430f-86a5-f653930edd36\"},{\"content\":\"<a href=\\\"https:\/\/odonates.net\/odofrance\/ardeche-07\/\\\" target=\\\"_blank\\\" rel=\\\"noreferrer noopener\\\">Ard\u00e8che (07), Odonates en France consult\u00e9 le 23 avril 2026<\/a> \u279a \",\"id\":\"c28f6dd2-a35f-46d6-aa7f-46b990d6b002\"},{\"content\":\"<a href=\\\"https:\/\/deliry.com\/?p=8895\\\">Page d\u00e9di\u00e9e \u00e0 la SfO sur les <em>Histoires Naturelles<\/em><\/a>\",\"id\":\"fcb4d67f-3896-4b7c-8dd2-7d58981472c5\"},{\"content\":\"<a href=\\\"https:\/\/bfcnature.fr\/wp-content\/uploads\/2023\/03\/Programme_14eRencontres.pdf\\\">Vendredi 20 et Samedi 21 octobre 2017 \u00e0 la Maison du Parc Naturel r\u00e9gional du Morvan, Saint-Brisson (Ni\u00e8vre). <em>Les Libellules le juste milieu ? Entre naturalit\u00e9 et intervention <\/em>(programme PDF)<\/a> \u279a\",\"id\":\"707659f7-2689-433d-9b56-16b2b14daa44\"},{\"content\":\"<a href=\\\"https:\/\/martinia.insectes.org\/\\\" target=\\\"_blank\\\" rel=\\\"noreferrer noopener\\\"><em>Martinia, <\/em>Revue scientifique de l'odonatologie fran\u00e7aise (en ligne)<\/a> \u279a\",\"id\":\"afa3794f-9f2c-4cdd-aa7a-aa225ea7bf43\"},{\"content\":\"<a href=\\\"https:\/\/atlas-odonates.insectes.org\/\\\">Atlas dynamique des Odonates de France (Opie) (en ligne : 98 esp\u00e8ces, 2.947.946 observartions), consult\u00e9 le 23 avril 2026<\/a> \u279a\",\"id\":\"dc385fa5-07fe-41f4-8cd5-55194d5f5c43\"},{\"content\":\"<a href=\\\"https:\/\/insectes.org\/evenement\/journees-opie-odonates-2026-en-ile-de-france\/\\\">Journ\u00e9es Opie-odonates en 2026 les 13 et 14 juin 2026, (cinqui\u00e8mes JOO) pr\u00e8s de la for\u00eat de Fontainebleau avec l'Association des naturalistes de la vall\u00e9e du Loing et de la For\u00eat de Fontainebleau (inscription en ligne)<\/a>\",\"id\":\"e879377d-d556-473d-b57a-1b4733f162fa\"},{\"content\":\"<a href=\\\"http:\/\/Listes Rouges des Odonates en Auvergne Rh\u00f4ne-Alpes : historique - Sur les Histoires Naturelles\\\">Listes Rouges des Odonates en Auvergne Rh\u00f4ne-Alpes : historique - Sur les <em>Histoires Naturelles<\/em><\/a>\",\"id\":\"e1ebd8cb-d8aa-4702-8ed0-c659a03ddc3e\"},{\"content\":\"<strong>Gilard B. &amp; Villepoux O. (coord.) 2004<\/strong>\u00a0\u2013\u00a0<em>Liste des Odonates d\u00e9terminants ZNIEFF. [Avec Liste Rouge]<\/em>\u00a0\u2013 DIREN.\",\"id\":\"69286d2f-43c2-49ce-950a-e5f62092fd87\"},{\"content\":\"<strong>Groupe Odonat\u2019Auvergne 2017\u00a0<\/strong>\u2013\u00a0<em>Liste<\/em><em> rouge des odonates d\u2019Auvergne.\u00a0<\/em>\u2013 Groupe Odonat\u2019Auvergne, DREAL Auvergne Rh\u00f4ne-Alpes : 23 pp. - <a href=\\\"https:\/\/www.auvergne-rhone-alpes.developpement-durable.gouv.fr\/IMG\/pdf\/lrrodonatesauvergne_goa_2017_vf-2.pdf\\\" target=\\\"_blank\\\" rel=\\\"noreferrer noopener\\\">PDF<\/a>\",\"id\":\"b8918605-054d-4665-8cd3-4490e8f7a85c\"},{\"content\":\"<strong>Deliry C. 1997 <\/strong>- Atlas des Libellules rh\u00f4nalpines. Premier volet esp\u00e8ces rares et menac\u00e9es dans le nord des Alpes fran\u00e7aises. - <em>Sympetrum, <\/em>11, 12 et 13 : 62+48+73 pp. \u2013\u00a0<a href=\\\"http:\/\/sympetrum.org\/pdf\/sympetrum12.pdf\\\" target=\\\"_blank\\\" rel=\\\"noreferrer noopener\\\">PDF\u00a0(n\u00b012)<\/a>\u00a0\u2013\u00a0<a href=\\\"http:\/\/sympetrum.org\/pdf\/sympetrum13.pdf\\\" target=\\\"_blank\\\" rel=\\\"noreferrer noopener\\\">PDF\u00a0(n\u00b013)<\/a>\u00a0\u2013\u00a0<a href=\\\"http:\/\/sympetrum.org\/pdf\/sympetrum14.pdf\\\" target=\\\"_blank\\\" rel=\\\"noreferrer noopener\\\">PDF\u00a0(n\u00b014)<\/a>\",\"id\":\"386d4275-7c38-470f-be79-ca16874159e3\"},{\"content\":\"<strong>Funkiewiez K. &amp; Deliry C. 1997 <\/strong>- Sympetrum, Sp\u00e9cial 10 ans. - <em>Sympetrum, <\/em>10 : 40 pp. - <a href=\\\"http:\/\/sympetrum.org\/pdf\/sympetrum10.pdf\\\" target=\\\"_blank\\\" rel=\\\"noreferrer noopener\\\">PDF<\/a>\",\"id\":\"6eb91d7a-2d63-4ea2-b9be-09518addd6a3\"},{\"content\":\"Voir : <strong>Dommanget J.L. 1995 <\/strong>- Secondes rencontres odonatologiques de France. Oulche (Inde), 16, 17, 18 et 19 juin 1995. Compte-rendu et premier bilan. -<em> Martinia, <\/em>11 (3\u00e0 : 51-69.\",\"id\":\"d416b9e7-d63c-40f7-830a-cca552867561\"},{\"content\":\"<strong>Deliry C. (coord.) 2006 <\/strong>- <em>Liste rouge des Libellules de la r\u00e9gion Rh\u00f4ne-Alpes. <\/em>- Collection Concepts &amp; M\u00e9thodes, Groupe <em>Sympetrum <\/em>: 35 pp.\",\"id\":\"4e451f45-5f4f-490c-bc39-4cae397c31d6\"},{\"content\":\"<strong>Deliry C. (coord.) 2008<\/strong> - <em>Atlas illustr\u00e9 des libellules de la r\u00e9gion Rh\u00f4ne-Alpes. <\/em>- Direction du Groupe <em>Sympetrum<\/em> et Mus\u00e9um d'Histoire Naturelle de Grenoble, \u00e9dition Biotope, M\u00e8ze (collection Parth\u00e9nope) : 408 pp.\",\"id\":\"622be2f8-da54-484b-bf2f-3f5a0f468d50\"},{\"content\":\"<strong>Deliry C., Faton J.M. &amp; Pissavin S. 2003 <\/strong>- <em>Libellules remarquables de Rh\u00f4ne-Alpes. <\/em>- Mus\u00e9um de Grenoble et groupe <em>Sympetrum <\/em>: livret (20 pp.) et poster grand format.\",\"id\":\"057dc5c5-caf6-466c-8c88-284f7b361977\"},{\"content\":\"<strong>Deliry C. &amp; le Groupe Sympetrum 2014 <\/strong>- <em>Liste Rouge des Odonates de Rh\u00f4ne-Alpes 2014. <\/em>- Collection Concepts &amp; M\u00e9thodes, Groupe <em>Sympetrum, Histoires Naturelles<\/em> n\u00b025.\u00a0\u2013\u00a0<a href=\\\"https:\/\/deliry.com\/pdf\/hn25.pdf\\\">PDF<\/a>\",\"id\":\"2cf3df42-cf71-4b13-bbcc-c56457d27854\"},{\"content\":\"<strong>Deliry C. &amp; le Groupe Sympetrum 2013 <\/strong>- <em>Nouvelles Listes Rouges des Odonates en Rh\u00f4ne-Alpes &amp; Dauphin\u00e9. <\/em>- Collection Concepts &amp; M\u00e9thodes, <em>Histoires Naturelles <\/em>n\u00b025. \u2013\u00a0<a href=\\\"https:\/\/deliry.com\/pdf\/hn25bis.pdf\\\" target=\\\"_blank\\\" rel=\\\"noreferrer noopener\\\">PDF<\/a>\",\"id\":\"5c8a780d-c938-4eac-a7bf-58fe88766019\"},{\"content\":\"<strong>Deliry C. (coord.) 2015<\/strong>\u00a0\u2013<em> Plan R\u00e9gional d\u2019Action en faveur des Odonates de Rh\u00f4ne-Alpes. D\u00e9clinaison r\u00e9gionale du PNAO en Rh\u00f4ne-Alpes. <\/em>\u2013 Groupe Sympetrum\u00a0: 124 pp. \u2013\u00a0<a href=\\\"https:\/\/deliry.com\/pdf\/prao_sympetrum_proposition.pdf\\\" target=\\\"_blank\\\" rel=\\\"noreferrer noopener\\\">PDF<\/a>\",\"id\":\"690ecb4d-15fe-478f-bd66-7ec7a6510c24\"},{\"content\":\"<strong>Soissons A. &amp; Lamouille-H\u00e9bert M. (coord.) 2019\u00a0<\/strong>\u2013\u00a0<em>Agir pour les Odonates. Etat des lieux des esp\u00e8ces du plan d\u2019actions odonates en Auvergne Rh\u00f4ne-Alpes.\u00a0<\/em>\u2013 CEN Auvergne, FNE Haute-Savoie. \u2013\u00a0<a href=\\\"https:\/\/libellules.pnaopie.fr\/wp-content\/uploads\/2022\/08\/etat_des_lieux_odonates_pna_aura.pdf\\\" target=\\\"_blank\\\" rel=\\\"noreferrer noopener\\\">PDF<\/a>\",\"id\":\"db7fa050-2c3f-4292-9e5a-236143d68822\"}]"},"categories":[508,306,407,269,311],"tags":[],"class_list":["post-11520","post","type-post","status-publish","format-standard","has-post-thumbnail","hentry","category-sympetrum40ans","category-associations-et-structures","category-grpls","category-odonates","category-zz-synchroniser"],"_links":{"self":[{"href":"https:\/\/deliry.com\/index.php?rest_route=\/wp\/v2\/posts\/11520","targetHints":{"allow":["GET"]}}],"collection":[{"href":"https:\/\/deliry.com\/index.php?rest_route=\/wp\/v2\/posts"}],"about":[{"href":"https:\/\/deliry.com\/index.php?rest_route=\/wp\/v2\/types\/post"}],"author":[{"embeddable":true,"href":"https:\/\/deliry.com\/index.php?rest_route=\/wp\/v2\/users\/1"}],"replies":[{"embeddable":true,"href":"https:\/\/deliry.com\/index.php?rest_route=%2Fwp%2Fv2%2Fcomments&post=11520"}],"version-history":[{"count":118,"href":"https:\/\/deliry.com\/index.php?rest_route=\/wp\/v2\/posts\/11520\/revisions"}],"predecessor-version":[{"id":11677,"href":"https:\/\/deliry.com\/index.php?rest_route=\/wp\/v2\/posts\/11520\/revisions\/11677"}],"wp:featuredmedia":[{"embeddable":true,"href":"https:\/\/deliry.com\/index.php?rest_route=\/wp\/v2\/media\/11648"}],"wp:attachment":[{"href":"https:\/\/deliry.com\/index.php?rest_route=%2Fwp%2Fv2%2Fmedia&parent=11520"}],"wp:term":[{"taxonomy":"category","embeddable":true,"href":"https:\/\/deliry.com\/index.php?rest_route=%2Fwp%2Fv2%2Fcategories&post=11520"},{"taxonomy":"post_tag","embeddable":true,"href":"https:\/\/deliry.com\/index.php?rest_route=%2Fwp%2Fv2%2Ftags&post=11520"}],"curies":[{"name":"wp","href":"https:\/\/api.w.org\/{rel}","templated":true}]}}