{"id":13838,"date":"2026-08-30T10:52:57","date_gmt":"2026-08-30T10:52:57","guid":{"rendered":"https:\/\/deliry.com\/?p=13838"},"modified":"2026-08-30T13:22:13","modified_gmt":"2026-08-30T13:22:13","slug":"decouverte-de-la-fausse-teigne-des-hongrois-dans-les-deux-sevres","status":"publish","type":"post","link":"https:\/\/deliry.com\/?p=13838","title":{"rendered":"D\u00e9couverte de la Fausse-teigne des Hongrois dans les Deux-S\u00e8vres"},"content":{"rendered":"\n<blockquote class=\"wp-block-quote is-layout-flow wp-block-quote-is-layout-flow\">\n<p><em>Aphomia foedella<\/em> (Zeller, 1839)<\/p>\n\n\n\n<p>Fausse-teigne des Hongrois &#8211; <em>Pyralidae<\/em><\/p>\n<\/blockquote>\n\n\n\n<p>Cette esp\u00e8ce s&rsquo;ajoute \u00e0 la liste des H\u00e9t\u00e9roc\u00e8res de France, suite \u00e0 sa d\u00e9couverte en 2025 dans la For\u00eat de Chiz\u00e9 (Deux-S\u00e8vres) par Antoine Guyonnet et Fabrice Conort dans le cadre d&rsquo;un suivi men\u00e9 par DSNE en partenariat avec l&rsquo;ONF. Cette esp\u00e8ce n&rsquo;avait \u00e9t\u00e9 d\u00e9tect\u00e9e jusqu&rsquo;alors que tr\u00e8s localement dans les Balkans.<\/p>\n\n\n<div class=\"wp-block-image\">\n<figure class=\"aligncenter size-full is-resized\"><a href=\"https:\/\/deliry.com\/wp-content\/uploads\/2026\/08\/Aphfoe.jpg\"><img loading=\"lazy\" decoding=\"async\" width=\"800\" height=\"604\" src=\"https:\/\/deliry.com\/wp-content\/uploads\/2026\/08\/Aphfoe.jpg\" alt=\"\" class=\"wp-image-13839\" style=\"width:640px\" srcset=\"https:\/\/deliry.com\/wp-content\/uploads\/2026\/08\/Aphfoe.jpg 800w, https:\/\/deliry.com\/wp-content\/uploads\/2026\/08\/Aphfoe-300x227.jpg 300w, https:\/\/deliry.com\/wp-content\/uploads\/2026\/08\/Aphfoe-768x580.jpg 768w\" sizes=\"auto, (max-width: 800px) 100vw, 800px\" \/><\/a><figcaption class=\"wp-element-caption\"><em>Afommoa foedella <\/em>&#8211; \u00a9\u00a9 bync &#8211; Christian Lemoine &#8211; For\u00eat de Chiz\u00e9 le 13 juin 2025 &#8211; iNaturalist<\/figcaption><\/figure>\n<\/div>\n\n\n<ul class=\"wp-block-list\">\n<li><strong>Conort F. &amp; al. 2026<\/strong> &#8211; <em>Aphomia foedella<\/em> (Zeller, 1839), esp\u00e8ce nouvelle pour la France (Pyralidae Galleriinae). &#8211; <em>Oreina<\/em>, 71, avril 2026 : 4-6.<\/li>\n\n\n\n<li><strong>Chesn\u00e9 \u00c9. 2026<\/strong> &#8211; <em>La d\u00e9couverte d\u2019un nouveau papillon de nuit par deux naturalistes b\u00e9n\u00e9voles en for\u00eat de Chiz\u00e9.<\/em> &#8211; La Nouvelle R\u00e9pubique, 28 ao\u00fbt 2026.<\/li>\n\n\n\n<li><strong>Guyonnet A. &amp; Conort F. 2026<\/strong> &#8211; <em>Inventaire des L\u00e9pidopt\u00e8res H\u00e9t\u00e9roc\u00e8res de la RBI de la For\u00eat de Chiz\u00e9 &#8211; R\u00e9sultats 2025.<\/em> &#8211; Rapport d\u2019\u00e9tude pour l&rsquo;ONF r\u00e9alis\u00e9 par Deux-S\u00e8vres Nature Environnement.<\/li>\n<\/ul>\n","protected":false},"excerpt":{"rendered":"<p>Aphomia foedella (Zeller, 1839) Fausse-teigne des Hongrois &#8211; Pyralidae Cette esp\u00e8ce s&rsquo;ajoute \u00e0 la liste des H\u00e9t\u00e9roc\u00e8res de France, suite \u00e0 sa d\u00e9couverte en 2025 dans la For\u00eat de Chiz\u00e9 (Deux-S\u00e8vres) par Antoine Guyonnet et &hellip; <\/p>\n","protected":false},"author":1,"featured_media":13844,"comment_status":"closed","ping_status":"closed","sticky":false,"template":"","format":"standard","meta":{"footnotes":""},"categories":[1],"tags":[],"class_list":["post-13838","post","type-post","status-publish","format-standard","has-post-thumbnail","hentry","category-maintenance"],"_links":{"self":[{"href":"https:\/\/deliry.com\/index.php?rest_route=\/wp\/v2\/posts\/13838","targetHints":{"allow":["GET"]}}],"collection":[{"href":"https:\/\/deliry.com\/index.php?rest_route=\/wp\/v2\/posts"}],"about":[{"href":"https:\/\/deliry.com\/index.php?rest_route=\/wp\/v2\/types\/post"}],"author":[{"embeddable":true,"href":"https:\/\/deliry.com\/index.php?rest_route=\/wp\/v2\/users\/1"}],"replies":[{"embeddable":true,"href":"https:\/\/deliry.com\/index.php?rest_route=%2Fwp%2Fv2%2Fcomments&post=13838"}],"version-history":[{"count":1,"href":"https:\/\/deliry.com\/index.php?rest_route=\/wp\/v2\/posts\/13838\/revisions"}],"predecessor-version":[{"id":13840,"href":"https:\/\/deliry.com\/index.php?rest_route=\/wp\/v2\/posts\/13838\/revisions\/13840"}],"wp:featuredmedia":[{"embeddable":true,"href":"https:\/\/deliry.com\/index.php?rest_route=\/wp\/v2\/media\/13844"}],"wp:attachment":[{"href":"https:\/\/deliry.com\/index.php?rest_route=%2Fwp%2Fv2%2Fmedia&parent=13838"}],"wp:term":[{"taxonomy":"category","embeddable":true,"href":"https:\/\/deliry.com\/index.php?rest_route=%2Fwp%2Fv2%2Fcategories&post=13838"},{"taxonomy":"post_tag","embeddable":true,"href":"https:\/\/deliry.com\/index.php?rest_route=%2Fwp%2Fv2%2Ftags&post=13838"}],"curies":[{"name":"wp","href":"https:\/\/api.w.org\/{rel}","templated":true}]}}