{"id":1790,"date":"2022-12-19T19:21:00","date_gmt":"2022-12-19T19:21:00","guid":{"rendered":"https:\/\/deliry.net\/?p=622"},"modified":"2026-04-13T15:13:41","modified_gmt":"2026-04-13T15:13:41","slug":"les-libellules-des-deux-sevres-se-meurent-la-faute-a-pas-deau","status":"publish","type":"post","link":"https:\/\/deliry.com\/?p=1790","title":{"rendered":"Les Libellules des Deux-S\u00e8vres se meurent, la faute \u00e0 pas d\u2019eau"},"content":{"rendered":"\n<p class=\"has-text-align-right\">Communiqu\u00e9 du 19 d\u00e9cembre 2022<\/p>\n\n\n\n<p>Alors que se termine la Conf\u00e9rence internationale de Montr\u00e9al 2022 sur la Biodiversit\u00e9, on vient constater le risque de disparition des Libellules dans les Deux-S\u00e8vres. La cheffe de file est certainement la Leucorrhine \u00e0 gros thorax (<em>Leucorrhinia pectoralis<\/em>) qui vient repr\u00e9senter tous ses cong\u00e9n\u00e8res pour symboliser ce risque de disparition.<\/p>\n\n\n\n<p>Ce ne sont plus seulement les esp\u00e8ces menac\u00e9es, mais toutes les esp\u00e8ces de Libellules qui menacent de dispara\u00eetre !<\/p>\n\n\n\n<p>L\u2019\u00e9t\u00e9 2022 s\u2019est caract\u00e9ris\u00e9 sur le d\u00e9partement des Deux-S\u00e8vres par son importante s\u00e9cheresse et des centaines de kilom\u00e8tres de cours d\u2019eau, de nombreuses mares et marais se sont retrouv\u00e9s litt\u00e9ralement \u00e0 sec\u2026 Les pluies de l\u2019automne sont survenues apr\u00e8s la p\u00e9riode de reproduction des Libellules. Elles ne se sont donc pas reproduites. Les 59 esp\u00e8ces du d\u00e9partement sont en sursis.<\/p>\n\n\n<div class=\"wp-block-image\">\n<figure class=\"aligncenter size-full is-resized\"><a href=\"https:\/\/deliry.com\/wp-content\/uploads\/2022\/12\/2013.06.07.-14-Karlsternweiher_im_Kaefertaler_Wald-Mannheim-Grosse_Moosjungfer-Maennchen.jpg\"><img loading=\"lazy\" decoding=\"async\" width=\"878\" height=\"768\" src=\"https:\/\/deliry.com\/wp-content\/uploads\/2022\/12\/2013.06.07.-14-Karlsternweiher_im_Kaefertaler_Wald-Mannheim-Grosse_Moosjungfer-Maennchen.jpg\" alt=\"\" class=\"wp-image-2446\" style=\"width:640px\" srcset=\"https:\/\/deliry.com\/wp-content\/uploads\/2022\/12\/2013.06.07.-14-Karlsternweiher_im_Kaefertaler_Wald-Mannheim-Grosse_Moosjungfer-Maennchen.jpg 878w, https:\/\/deliry.com\/wp-content\/uploads\/2022\/12\/2013.06.07.-14-Karlsternweiher_im_Kaefertaler_Wald-Mannheim-Grosse_Moosjungfer-Maennchen-300x262.jpg 300w, https:\/\/deliry.com\/wp-content\/uploads\/2022\/12\/2013.06.07.-14-Karlsternweiher_im_Kaefertaler_Wald-Mannheim-Grosse_Moosjungfer-Maennchen-768x672.jpg 768w\" sizes=\"auto, (max-width: 878px) 100vw, 878px\" \/><\/a><figcaption class=\"wp-element-caption\">\u00a9\u00a9 bysa \u2013 Andreas Eichler \u2013 Wikimedia commons<\/figcaption><\/figure>\n<\/div>\n\n\n<p>Notre ambassadrice qui ne se maintenait que sur quelques points d\u2019eau situ\u00e9s \u00e0 Boussais, au niveau de Parthenay, pourrait avoir disparu et ne pas se remontrer au prochain printemps en 2023. C\u2019est une Libellule prot\u00e9g\u00e9e et on peut appeler des fonds pour mener des actions de restauration\u2026 en la prot\u00e9geant et en g\u00e9rant ses habitats et leurs ressources en eau, ce sont de nombreuses autres esp\u00e8ces vivantes qui en b\u00e9n\u00e9ficient.<\/p>\n\n\n\n<p class=\"has-pale-cyan-blue-background-color has-background\"><strong>Guillotin N. 2022&nbsp;<\/strong>\u2013<em>&nbsp;Deux-S\u00e8vres : \u00e0 la d\u00e9couverte de la Leucorrhine \u00e0 gros thorax, esp\u00e8ce menac\u00e9e de libellule.<\/em>&nbsp;\u2013 ici, France Bleu et France 3. \u2013&nbsp;<a href=\"https:\/\/www.francebleu.fr\/infos\/environnement\/deux-sevres-a-la-decouverte-de-la-leucorrhine-a-gros-thorax-espece-menacee-de-libellule-9707473\" target=\"_blank\" rel=\"noreferrer noopener\">ONLINE<\/a><\/p>\n","protected":false},"excerpt":{"rendered":"<p>Communiqu\u00e9 du 19 d\u00e9cembre 2022 Alors que se termine la Conf\u00e9rence internationale de Montr\u00e9al 2022 sur la Biodiversit\u00e9, on vient constater le risque de disparition &hellip; <\/p>\n","protected":false},"author":1,"featured_media":2575,"comment_status":"closed","ping_status":"closed","sticky":false,"template":"","format":"standard","meta":{"footnotes":""},"categories":[411,299,1,283,311],"tags":[],"class_list":["post-1790","post","type-post","status-publish","format-standard","has-post-thumbnail","hentry","category-changements-climatiques","category-deux-sevres","category-maintenance","category-bibliographie-2","category-zz-synchroniser"],"_links":{"self":[{"href":"https:\/\/deliry.com\/index.php?rest_route=\/wp\/v2\/posts\/1790","targetHints":{"allow":["GET"]}}],"collection":[{"href":"https:\/\/deliry.com\/index.php?rest_route=\/wp\/v2\/posts"}],"about":[{"href":"https:\/\/deliry.com\/index.php?rest_route=\/wp\/v2\/types\/post"}],"author":[{"embeddable":true,"href":"https:\/\/deliry.com\/index.php?rest_route=\/wp\/v2\/users\/1"}],"replies":[{"embeddable":true,"href":"https:\/\/deliry.com\/index.php?rest_route=%2Fwp%2Fv2%2Fcomments&post=1790"}],"version-history":[{"count":5,"href":"https:\/\/deliry.com\/index.php?rest_route=\/wp\/v2\/posts\/1790\/revisions"}],"predecessor-version":[{"id":7628,"href":"https:\/\/deliry.com\/index.php?rest_route=\/wp\/v2\/posts\/1790\/revisions\/7628"}],"wp:featuredmedia":[{"embeddable":true,"href":"https:\/\/deliry.com\/index.php?rest_route=\/wp\/v2\/media\/2575"}],"wp:attachment":[{"href":"https:\/\/deliry.com\/index.php?rest_route=%2Fwp%2Fv2%2Fmedia&parent=1790"}],"wp:term":[{"taxonomy":"category","embeddable":true,"href":"https:\/\/deliry.com\/index.php?rest_route=%2Fwp%2Fv2%2Fcategories&post=1790"},{"taxonomy":"post_tag","embeddable":true,"href":"https:\/\/deliry.com\/index.php?rest_route=%2Fwp%2Fv2%2Ftags&post=1790"}],"curies":[{"name":"wp","href":"https:\/\/api.w.org\/{rel}","templated":true}]}}