{"id":1798,"date":"2019-02-15T01:53:00","date_gmt":"2019-02-15T01:53:00","guid":{"rendered":"https:\/\/deliry.net\/?p=1789"},"modified":"2026-04-13T15:14:10","modified_gmt":"2026-04-13T15:14:10","slug":"15-fevrier-2019-jubile-des-histoires-naturelles-20-ans-deja","status":"publish","type":"post","link":"https:\/\/deliry.com\/?p=1798","title":{"rendered":"15 f\u00e9vrier 2019 &#8211; Jubil\u00e9 des Histoires Naturelles&#8230; 20 ans d\u00e9j\u00e0 !"},"content":{"rendered":"\n<p class=\"has-text-align-right\"><a href=\"https:\/\/deliry.com\/?page_id=775\" data-type=\"page\" data-id=\"775\">\u00c0 propos&#8230;<\/a><\/p>\n\n\n\n<p class=\"has-pale-ocean-gradient-background has-background\" style=\"font-size:25px;font-style:normal;font-weight:100\"><em>C\u2019est aujourd\u2019hui vendredi 15 f\u00e9vrier 2019 le jubil\u00e9 des Histoires Naturelles\u2026 20 ans d\u00e9j\u00e0&nbsp;!<\/em><\/p>\n\n\n<div class=\"wp-block-image\">\n<figure class=\"alignright size-full is-resized\"><a href=\"https:\/\/deliry.com\/wp-content\/uploads\/2019\/02\/20ans.jpg\"><img loading=\"lazy\" decoding=\"async\" width=\"640\" height=\"452\" src=\"https:\/\/deliry.com\/wp-content\/uploads\/2019\/02\/20ans.jpg\" alt=\"\" class=\"wp-image-3204\" style=\"width:330px\" srcset=\"https:\/\/deliry.com\/wp-content\/uploads\/2019\/02\/20ans.jpg 640w, https:\/\/deliry.com\/wp-content\/uploads\/2019\/02\/20ans-300x212.jpg 300w, https:\/\/deliry.com\/wp-content\/uploads\/2019\/02\/20ans-120x85.jpg 120w\" sizes=\"auto, (max-width: 640px) 100vw, 640px\" \/><\/a><\/figure>\n<\/div>\n\n\n<p>Initialement <strong><em>Histoires Naturelles du Grand P\u00e8re Soulcie<\/em><\/strong>, Ces pages sont pass\u00e9es par plusieurs phases : humour, anecdotes, compilations compl\u00e8tes notamment en ce qui concerne les Oiseaux ou les Odonates, la faune et de la flore de l\u2019Isle Cr\u00e9mieu en Is\u00e8re, la Vall\u00e9e du Rh\u00f4ne, de la Nature en Rh\u00f4ne-Alpes\u2026 et ont pu \u00e0 plusieurs occasions \u00eatre reprises dans plusieurs espaces Internet distincts comme les Ascalaphes de France, les Poissons de France, les Oiseaux de Rh\u00f4ne-Alpes ou quelques autres compilations qui sont reprises le plus sous dans les <a href=\"https:\/\/deliry.com\/?page_id=714\" data-type=\"page\" data-id=\"714\"><strong>\u00e9ditions des Histoires Naturelles<\/strong><\/a>, sous forme de documents PDF ainsi que depuis quelques ann\u00e9es avec un traitement des <strong>Odonates dans le monde Entier<\/strong>.<\/p>\n\n\n\n<p>Me voici parti pour de nouvelles aventures avec mon d\u00e9m\u00e9nagement \u00e0 <strong>Niort<\/strong> dans les Deux-S\u00e8vres, la r\u00e9gion Poitou-Charentes &amp; Vend\u00e9e va devenir mon nouveau terrain de jeu.<\/p>\n\n\n\n<p>Mes travaux sur les synth\u00e8ses odonatologiques pr\u00e9sent\u00e9es ici ont d\u00e9but\u00e9 en 1995 ; les premi\u00e8res ont \u00e9t\u00e9 mises en ligne en 1999.<\/p>\n\n\n\n<p>Le corps de ce site Internet va d\u00e9sormais se concentrer sur des rencontres au hasard d\u2019informations ou d\u2019\u00e9v\u00e9nements, sortes de <strong><em>Miscellan\u00e9es de la Biodiversit\u00e9 et de la G\u00e9odiversit\u00e9<\/em><\/strong>, tels qu\u2019ils se pr\u00e9senteront \u00e0 moi.<\/p>\n\n\n\n<p class=\"has-very-light-gray-to-cyan-bluish-gray-gradient-background has-background has-small-font-size\">\ud83c\udfe0 Histoires Naturelles, 16 rue Jules Ferry, 79000 Niort \u2013 \u2709 <a href=\"mailto:cyrille@deliry.com\" target=\"_blank\" rel=\"noreferrer noopener\">cyrille@deliry.com<\/a><\/p>\n\n\n\n<p>La plus ancienne version du site que j\u2019ai retrouv\u00e9 dans les archives dates du 6 d\u00e9cembre 2000.<\/p>\n\n\n\n<figure class=\"wp-block-image size-full\"><a href=\"https:\/\/deliry.com\/wp-content\/uploads\/2019\/02\/06122000.jpg\"><img loading=\"lazy\" decoding=\"async\" width=\"660\" height=\"305\" src=\"https:\/\/deliry.com\/wp-content\/uploads\/2019\/02\/06122000.jpg\" alt=\"\" class=\"wp-image-3206\" srcset=\"https:\/\/deliry.com\/wp-content\/uploads\/2019\/02\/06122000.jpg 660w, https:\/\/deliry.com\/wp-content\/uploads\/2019\/02\/06122000-300x139.jpg 300w\" sizes=\"auto, (max-width: 660px) 100vw, 660px\" \/><\/a><\/figure>\n","protected":false},"excerpt":{"rendered":"<p>\u00c0 propos&#8230; C\u2019est aujourd\u2019hui vendredi 15 f\u00e9vrier 2019 le jubil\u00e9 des Histoires Naturelles\u2026 20 ans d\u00e9j\u00e0&nbsp;! Initialement Histoires Naturelles du Grand P\u00e8re Soulcie, Ces pages &hellip; <\/p>\n","protected":false},"author":1,"featured_media":2583,"comment_status":"closed","ping_status":"closed","sticky":false,"template":"","format":"standard","meta":{"footnotes":""},"categories":[326,268,1,311],"tags":[],"class_list":["post-1798","post","type-post","status-publish","format-standard","has-post-thumbnail","hentry","category-evenements","category-histoires-naturelles","category-maintenance","category-zz-synchroniser"],"_links":{"self":[{"href":"https:\/\/deliry.com\/index.php?rest_route=\/wp\/v2\/posts\/1798","targetHints":{"allow":["GET"]}}],"collection":[{"href":"https:\/\/deliry.com\/index.php?rest_route=\/wp\/v2\/posts"}],"about":[{"href":"https:\/\/deliry.com\/index.php?rest_route=\/wp\/v2\/types\/post"}],"author":[{"embeddable":true,"href":"https:\/\/deliry.com\/index.php?rest_route=\/wp\/v2\/users\/1"}],"replies":[{"embeddable":true,"href":"https:\/\/deliry.com\/index.php?rest_route=%2Fwp%2Fv2%2Fcomments&post=1798"}],"version-history":[{"count":8,"href":"https:\/\/deliry.com\/index.php?rest_route=\/wp\/v2\/posts\/1798\/revisions"}],"predecessor-version":[{"id":8032,"href":"https:\/\/deliry.com\/index.php?rest_route=\/wp\/v2\/posts\/1798\/revisions\/8032"}],"wp:featuredmedia":[{"embeddable":true,"href":"https:\/\/deliry.com\/index.php?rest_route=\/wp\/v2\/media\/2583"}],"wp:attachment":[{"href":"https:\/\/deliry.com\/index.php?rest_route=%2Fwp%2Fv2%2Fmedia&parent=1798"}],"wp:term":[{"taxonomy":"category","embeddable":true,"href":"https:\/\/deliry.com\/index.php?rest_route=%2Fwp%2Fv2%2Fcategories&post=1798"},{"taxonomy":"post_tag","embeddable":true,"href":"https:\/\/deliry.com\/index.php?rest_route=%2Fwp%2Fv2%2Ftags&post=1798"}],"curies":[{"name":"wp","href":"https:\/\/api.w.org\/{rel}","templated":true}]}}