{"id":1983,"date":"2026-04-13T18:52:48","date_gmt":"2026-04-13T18:52:48","guid":{"rendered":"https:\/\/deliry.net\/?p=409"},"modified":"2026-06-06T19:56:57","modified_gmt":"2026-06-06T19:56:57","slug":"parc-naturel-marin-de-lestuaire-de-la-gironde-et-de-la-mer-des-pertuis","status":"publish","type":"post","link":"https:\/\/deliry.com\/?p=1983","title":{"rendered":"Parc Naturel Marin de l\u2019Estuaire de la Gironde et de la mer des Pertuis"},"content":{"rendered":"\n<p>Le Parc Naturel marin de l\u2019Estuaire de la Gironde et de la mer des Pertuis bonne plus de 1000 km de c\u00f4tes longeant 113 communes des d\u00e9partements de la Vend\u00e9e, la Charente-Maritime et de la Gironde.<\/p>\n\n\n\n<p>Sa surface totale est de 6500 km<sup>2<\/sup>&nbsp;et il est situ\u00e9 sur l\u2019Oc\u00e9an Atlantique. Six estuaires de fleuves c\u00f4tiers sont concern\u00e9s. Il s\u2019agit du Payr\u00e9 en Vend\u00e9e en limite nord du Parc, du Lay, de la S\u00e8vre niortaise, de la Charente , de la Seudre et le tr\u00e8s grand estuaire de la Gironde. Les fleuves ou fleuves c\u00f4tiers sont essentiels pour la remont\u00e9 d\u2019esp\u00e8ces de Poissons migratrices amphihalines et la qualit\u00e9 de leurs eaux enrichit les eaux marines des Pertuis en alluvions riches en substances min\u00e9rales. Le Parc couvre le Plateau continental sur une trentaine de kilom\u00e8tres \u00e0 partir des c\u00f4tes. La quasi totalit\u00e9 du Parc se trouve sur diverses zones du r\u00e9seau Natura 2000. Il y en a 25 et quatre R\u00e9serves Naturelles Nationales y sont contigu\u00ebs.<\/p>\n\n\n<div class=\"wp-block-image\">\n<figure class=\"aligncenter size-full is-resized\"><a href=\"https:\/\/deliry.com\/wp-content\/uploads\/2025\/01\/A61-1.jpg\"><img loading=\"lazy\" decoding=\"async\" width=\"470\" height=\"867\" src=\"https:\/\/deliry.com\/wp-content\/uploads\/2025\/01\/A61-1.jpg\" alt=\"\" class=\"wp-image-2266\" style=\"width:400px\" srcset=\"https:\/\/deliry.com\/wp-content\/uploads\/2025\/01\/A61-1.jpg 470w, https:\/\/deliry.com\/wp-content\/uploads\/2025\/01\/A61-1-163x300.jpg 163w\" sizes=\"auto, (max-width: 470px) 100vw, 470px\" \/><\/a><figcaption class=\"wp-element-caption\">\u00a9\u00a9 byncsa &#8211; Cyrille Deliry &#8211; Histoires Naturelles<\/figcaption><\/figure>\n<\/div>\n\n<div class=\"wp-block-image\">\n<figure class=\"aligncenter size-full is-resized\"><a href=\"https:\/\/deliry.com\/wp-content\/uploads\/2025\/01\/objpdgpnm-1.png\"><img loading=\"lazy\" decoding=\"async\" width=\"800\" height=\"460\" src=\"https:\/\/deliry.com\/wp-content\/uploads\/2025\/01\/objpdgpnm-1.png\" alt=\"\" class=\"wp-image-2268\" style=\"width:400px\" srcset=\"https:\/\/deliry.com\/wp-content\/uploads\/2025\/01\/objpdgpnm-1.png 800w, https:\/\/deliry.com\/wp-content\/uploads\/2025\/01\/objpdgpnm-1-300x173.png 300w, https:\/\/deliry.com\/wp-content\/uploads\/2025\/01\/objpdgpnm-1-768x442.png 768w\" sizes=\"auto, (max-width: 800px) 100vw, 800px\" \/><\/a><figcaption class=\"wp-element-caption\">&#8211; fig. &#8211; <\/figcaption><\/figure>\n<\/div>\n\n\n<p>Les Pertuis sont des mers int\u00e9rieures prot\u00e9g\u00e9es par des \u00eeles, il y en a trois matin\u00e9s par les eaux de six estuaires : le Pertuis breton, ceux d\u2019Antioche et de Maumusson. La rencontre des eaux douces et marines conduit en ces endroits, \u00e0 la concentration d\u2019une richesse nutritive exceptionnelle aux habitats. La richesse des communaut\u00e9s planctoniques, des coquillages, des poissons migrateurs, des mammif\u00e8res marins qui s\u2019y rencontre est associ\u00e9e \u00e0 la qualit\u00e9 particuli\u00e8re des eaux des Pertuis. Les estrans \u00e9tendus, associ\u00e9s \u00e0 de fortes amplitudes des mar\u00e9es comme dans la Baie de l\u2019Aiguillon par exemple, sont des habitats transitoirement d\u00e9couverts par les mar\u00e9es et qui ont un grand int\u00e9r\u00eat. Il s\u2019agit de lieux de nourrissage, de fray\u00e8res\u2026 et ils sont propices au d\u00e9veloppement d\u2019activit\u00e9s humaines originales en relation avec les eaux marines. Le milieu marin reste largement m\u00e9connu du fait de sa complexit\u00e9 et de sa difficult\u00e9 d\u2019acc\u00e8s : les \u00e9cosyst\u00e8mes, les interactions des activit\u00e9s humaines avec le milieu marin restent \u00e0 \u00e9tudier. Tant sur les c\u00f4tes que tr\u00e8s au large ce sont des myriades d\u2019Oiseaux migrateurs qui trouvent ici leurs voies et les oiseaux marins et c\u00f4tiers sont tr\u00e8s diversifi\u00e9s et nombreux en p\u00e9riode hivernale car ils trouvent sur le domaine du Parc des zones de repos et d\u2019alimentation ad\u00e9quates. Le Maigre est un Poisson remarquable qui se reproduit (fray\u00e8res) dans l\u2019estuaire de la Gironde, un endroit quasi unique pour cette esp\u00e8ce y compris \u00e0 l\u2019\u00e9chelle de l\u2019Europe. Parmi les Poissons remarquables, voire exceptionnels on retiendra les esp\u00e8ces amphihalines qui sont les Aloses et l\u2019<a href=\"https:\/\/deliry.com\/?p=11341\" data-type=\"post\" data-id=\"11341\">Esturgeon d\u2019Europe<\/a>.<\/p>\n\n\n<div class=\"wp-block-image\">\n<figure class=\"aligncenter size-full is-resized\"><a href=\"https:\/\/deliry.com\/wp-content\/uploads\/2025\/01\/Acistu1-1.jpg\"><img loading=\"lazy\" decoding=\"async\" width=\"776\" height=\"418\" src=\"https:\/\/deliry.com\/wp-content\/uploads\/2025\/01\/Acistu1-1.jpg\" alt=\"\" class=\"wp-image-2267\" style=\"width:640px\" srcset=\"https:\/\/deliry.com\/wp-content\/uploads\/2025\/01\/Acistu1-1.jpg 776w, https:\/\/deliry.com\/wp-content\/uploads\/2025\/01\/Acistu1-1-300x162.jpg 300w, https:\/\/deliry.com\/wp-content\/uploads\/2025\/01\/Acistu1-1-768x414.jpg 768w\" sizes=\"auto, (max-width: 776px) 100vw, 776px\" \/><\/a><figcaption class=\"wp-element-caption\">Esturgeon&nbsp;\u2013 Planche de Jordan (1907)<\/figcaption><\/figure>\n<\/div>\n\n\n<p class=\"has-text-align-center has-very-light-gray-to-cyan-bluish-gray-gradient-background has-background\">\u2022\u2022\u2022&nbsp;<a href=\"https:\/\/www.graine-nouvelle-aquitaine.fr\/fileadmin\/user_upload\/Depliant_10x21_EGMP_w.pdf\" target=\"_blank\" rel=\"noreferrer noopener\">Plaquette de pr\u00e9sentation (PDF)<\/a>&nbsp;\u2022\u2022\u2022<\/p>\n\n\n\n<p>Historiquement, c\u2019est la loi du 14 avril 2006 qui fonde un nouveau concept d\u2019aire marine prot\u00e9g\u00e9e : les Parc Naturels Marins. En ce qui concerne celui-ci, les \u00e9tudes courent d\u00e8s 2009 et sa cr\u00e9ation est dat\u00e9e du 15 avril 2015, soit presque jour pour jour, 10 ans apr\u00e8s la loi fondatrice. Son premier plan de gestion est pr\u00e9par\u00e9 sur trois ann\u00e9es et il est valid\u00e9 le 13 avril 2018. Il couvre la p\u00e9riode 2018-2033.<\/p>\n\n\n\n<p>L\u2019\u00e9quipe de permanents du Parc est dirig\u00e9e par l\u2019Agence Fran\u00e7aise de la Biodiversit\u00e9 et plus particuli\u00e8rement l\u2019Agence des aires marines qui y est int\u00e9gr\u00e9e. Le logo du Parc de la Gironde et de la mer des Pertuis, allie les activit\u00e9s humaines, avec le carrelet typique des c\u00f4tes atlantiques, des Puffins des Bal\u00e9ares pour les Oiseaux, les Maigres pour les Poissons et les Zost\u00e8res dont un herbier symbolise la v\u00e9g\u00e9tation. On y retrouve les symboles de la faune du large.<\/p>\n\n\n\n<p>Les objectifs du Parc sont la connaissance du milieu marin, sa protection et le d\u00e9veloppement durable des activit\u00e9s humaines li\u00e9es \u00e0 la mer. Ses activit\u00e9s sont fortement tourn\u00e9es vers l\u2019exploitation raisonn\u00e9e des ressources maritimes comme l\u2019ostr\u00e9iculture\u2026<\/p>\n\n\n\n<p>Le suivi d\u2019habitats c\u00f4tiers est l\u2019objet du projet CoEHCo (Connaissance et \u00c9valution de l\u2019\u00e9tat des Habitats bentiques C\u00f4tiers). La priorit\u00e9 est donn\u00e9 \u00e0 l\u2019\u00e9tude des pr\u00e9s sal\u00e9s, des r\u00e9cifs d\u2019hermelles (<em>Sabellaria alveolata<\/em>), des herbiers \u00e0 zoost\u00e8res naines (<em>Zostera noltei<\/em>) et des vasi\u00e8res intertidales, autant de milieux pour lesquels le Parc a une responsabilit\u00e9 de pr\u00e9servation importante.<\/p>\n\n\n\n<p>Le Parc est le premier bassin conchylicole europ\u00e9en, avec l\u2019ostr\u00e9iculture (la moiti\u00e9 de la production d\u2019Hu\u00eetres en France environ) et la Mytiliculture. La conchyliculture est concentr\u00e9e sur pr\u00e8s de 4000 ha de concessions install\u00e9e sur le Domaine Public Maritimes. Il y a plus de 40 ports conchylicoles sur le littoral. La qualit\u00e9 des eaux en provenance du continent est essentielle dans ces activit\u00e9s. Les alluvions amen\u00e9s sont pouss\u00e9s loin en mer et la Gironde agit sur la quasi totalit\u00e9 de la surface . Les \u00ab&nbsp;\u00e9levages&nbsp;\u00bb de coquillages contribuent \u00e0 modifier significativement la qualit\u00e9 des eaux marines par leur impact dans la filtration des eaux salines. Cette activit\u00e9 agissante sur l\u2019environnement marin global a quelques cons\u00e9quences sur la pr\u00e9sence de pollution macroscopique ou sur l\u2019artificialisation des lieux (plastiques, bouchots, structures m\u00e9talliques), la d\u00e9gradation de certains herbiers \u00e0 Zost\u00e8re naine, l\u2019activit\u00e9 r\u00e9guli\u00e8re perturbant la pr\u00e9sence des Oiseaux ou encore par l\u2019introduction involontaire d\u2019esp\u00e8ces exotiques comme le Bigorneau perceur japonais (<em>Onecebra inornata<\/em>). Par ailleurs des coquillages de type f\u00e9ral viennent par dispersion s\u2019installer sur les habitats naturels d\u2019origine. Parmi les activit\u00e9s humaines impactant l\u2019environnement une activit\u00e9 de p\u00eache professionnelle est port\u00e9e par une flotte de pr\u00e8s de 400 navires allant de petits bateaux de p\u00eache traditionnelle \u00e0 de plus grands vaisseaux d\u00e9di\u00e9s \u00e0 une p\u00eache hauturi\u00e8re industrialis\u00e9e. Le Parc encourage les m\u00e9thodes de p\u00eache durable restant possible dans un contexte. De plus une p\u00eache \u00e0 pied professionnelle r\u00e9colte notamment des Palourdes, des Tellines ou des Hu\u00eetres creuses, alors f\u00e9rales. La pression humaine est ajout\u00e9e d\u2019activit\u00e9s industrielles comme l\u2019extraction de granulats de fonds marins. La centrale nucl\u00e9aire du Blayais sur la Gironde agit immanquablement sur une partie de l\u2019estuaire. L\u2019avenir est envisag\u00e9 dans le cadre d\u2019activit\u00e9s industrielles autour d\u2019\u00e9nergie marine renouvelable comme le portage de parcs \u00e9oliens (fix\u00e9s ou flottants) ou de projets d\u2019usines hydrauliques au niveau des estuaires. Ces derni\u00e8res nouveaut\u00e9s, encore en phase de projets, auront un impact sur le fonctionnement des \u00e9cosyst\u00e8mes qui restent jusqu\u2019alors de bonne qualit\u00e9. Ils sont associ\u00e9s \u00e0 des perturbations significatives lors de leur installation, leur exploitation et en termes de connexion avec le continent o\u00f9 devra \u00eatre port\u00e9e l\u2019\u00e9lectricit\u00e9 produite, sans compter les nouvelles infrastructures qui seront n\u00e9cessaires pour la gestion et la r\u00e9partition de cette \u00e9nergie sur le continent. Une phase d\u2019exp\u00e9rimentation, suivi puis de rem\u00e9diation est envisag\u00e9e dans un contexte d\u2019exemplarit\u00e9. La pression des activit\u00e9s de loisir c\u00f4ti\u00e8res est importante et pas moins de 160 plages sont concern\u00e9es. La pression touristique sur le littoral y est tr\u00e8s importante.<\/p>\n\n\n\n<ul class=\"wp-block-list\">\n<li>\u2192&nbsp;<a href=\"https:\/\/www.facebook.com\/parc.naturel.marin.gironde.pertuis\/\" target=\"_blank\" rel=\"noreferrer noopener\">Page FaceBook du Parc Naturel Marin de l\u2019estuaire de la Gironde et de la mer des Pertuis<\/a><\/li>\n\n\n\n<li>\u2192&nbsp;Protections dans et en bordure du Parc&nbsp;(R\u00e9serves Naturelles Nationales, Convention Ospar, Natura 2000, Ramsar)<\/li>\n<\/ul>\n","protected":false},"excerpt":{"rendered":"<p>Le Parc Naturel marin de l\u2019Estuaire de la Gironde et de la mer des Pertuis bonne plus de 1000 km de c\u00f4tes longeant 113 communes des d\u00e9partements de la Vend\u00e9e, la Charente-Maritime et de la &hellip; <\/p>\n","protected":false},"author":1,"featured_media":2550,"comment_status":"closed","ping_status":"closed","sticky":false,"template":"","format":"standard","meta":{"footnotes":""},"categories":[294,273,399,1,376,336,312,333,375,311],"tags":[],"class_list":["post-1983","post","type-post","status-publish","format-standard","has-post-thumbnail","hentry","category-charente-maritime","category-habitats","category-historiques","category-maintenance","category-poissons","category-poitou-charentes","category-preservation-et-protection","category-reserves-naturelles","category-vendee","category-zz-synchroniser"],"_links":{"self":[{"href":"https:\/\/deliry.com\/index.php?rest_route=\/wp\/v2\/posts\/1983","targetHints":{"allow":["GET"]}}],"collection":[{"href":"https:\/\/deliry.com\/index.php?rest_route=\/wp\/v2\/posts"}],"about":[{"href":"https:\/\/deliry.com\/index.php?rest_route=\/wp\/v2\/types\/post"}],"author":[{"embeddable":true,"href":"https:\/\/deliry.com\/index.php?rest_route=\/wp\/v2\/users\/1"}],"replies":[{"embeddable":true,"href":"https:\/\/deliry.com\/index.php?rest_route=%2Fwp%2Fv2%2Fcomments&post=1983"}],"version-history":[{"count":11,"href":"https:\/\/deliry.com\/index.php?rest_route=\/wp\/v2\/posts\/1983\/revisions"}],"predecessor-version":[{"id":11361,"href":"https:\/\/deliry.com\/index.php?rest_route=\/wp\/v2\/posts\/1983\/revisions\/11361"}],"wp:featuredmedia":[{"embeddable":true,"href":"https:\/\/deliry.com\/index.php?rest_route=\/wp\/v2\/media\/2550"}],"wp:attachment":[{"href":"https:\/\/deliry.com\/index.php?rest_route=%2Fwp%2Fv2%2Fmedia&parent=1983"}],"wp:term":[{"taxonomy":"category","embeddable":true,"href":"https:\/\/deliry.com\/index.php?rest_route=%2Fwp%2Fv2%2Fcategories&post=1983"},{"taxonomy":"post_tag","embeddable":true,"href":"https:\/\/deliry.com\/index.php?rest_route=%2Fwp%2Fv2%2Ftags&post=1983"}],"curies":[{"name":"wp","href":"https:\/\/api.w.org\/{rel}","templated":true}]}}