{"id":281,"date":"2021-06-26T16:09:00","date_gmt":"2021-06-26T16:09:00","guid":{"rendered":"https:\/\/deliry.com\/?p=281"},"modified":"2026-04-13T15:13:54","modified_gmt":"2026-04-13T15:13:54","slug":"journee-des-libellules-de-france-le-26-juin-2021","status":"publish","type":"post","link":"https:\/\/deliry.com\/?p=281","title":{"rendered":"Journ\u00e9e des Libellules de France le 26 juin 2021"},"content":{"rendered":"<div class=\"wp-block-image\">\n<figure class=\"alignleft size-full is-resized\"><img loading=\"lazy\" decoding=\"async\" width=\"512\" height=\"512\" src=\"https:\/\/deliry.com\/wp-content\/uploads\/2025\/04\/cropped-Gpssm.png\" alt=\"\" class=\"wp-image-289\" style=\"width:120px\" srcset=\"https:\/\/deliry.com\/wp-content\/uploads\/2025\/04\/cropped-Gpssm.png 512w, https:\/\/deliry.com\/wp-content\/uploads\/2025\/04\/cropped-Gpssm-300x300.png 300w, https:\/\/deliry.com\/wp-content\/uploads\/2025\/04\/cropped-Gpssm-150x150.png 150w\" sizes=\"auto, (max-width: 512px) 100vw, 512px\" \/><\/figure>\n<\/div>\n\n\n<p class=\"has-text-align-right has-vivid-purple-color has-text-color has-link-color has-small-font-size wp-elements-3726a42a4a80f87ec5c3224a561a59a6\">Image d&rsquo;introduction pr\u00e9sentation \u2013&nbsp;<em>Calopteryx haemorrhoidalis&nbsp;<\/em>(femelle) \u2013 Alain C. de Toulouse<\/p>\n\n\n\n<h4 class=\"wp-block-heading has-very-light-gray-to-cyan-bluish-gray-gradient-background has-background\">En 2021, un \u00e9v\u00e9nement des&nbsp;<em>Histoires Naturelles<\/em><\/h4>\n\n\n<div class=\"wp-block-image\">\n<figure class=\"alignright size-full\"><img loading=\"lazy\" decoding=\"async\" width=\"80\" height=\"58\" src=\"https:\/\/deliry.com\/wp-content\/uploads\/2025\/04\/Odonates.png\" alt=\"\" class=\"wp-image-291\"\/><\/figure>\n<\/div>\n\n\n<figure class=\"wp-block-table alignright\" style=\"padding-top:0;padding-right:var(--wp--preset--spacing--80);padding-bottom:0;padding-left:var(--wp--preset--spacing--80);font-style:normal;font-weight:200\"><table class=\"has-very-light-gray-to-cyan-bluish-gray-gradient-background has-background\"><tbody><tr><td class=\"has-text-align-right\" data-align=\"right\"><a href=\"https:\/\/odonatagallica.com\/grand-marathon-des-libellules\/\" target=\"_blank\" rel=\"noreferrer noopener\">d\u00e8s 2022 avec <em>La Selysienne<\/em><\/a> \u279a &#8211; <a href=\"https:\/\/deliry.com\/?p=281\" target=\"_blank\" rel=\"noreferrer noopener\"><strong>2021<\/strong><\/a><\/td><\/tr><\/tbody><\/table><\/figure>\n\n\n\n<p>Le 26 juin 2021 s\u2019impose naturellement comme la journ\u00e9e nationale des Libellules (<em>Journ\u00e9e des Libellules de France<\/em>). En effet, ce ne sont pas moins de 9 animations qui ont eu lieu ce jour l\u00e0 sur le territoire.<\/p>\n\n\n\n<p>Dans le Loir et Cher \u00e0 Sarg\u00e9 sur Braye, dans les Deux S\u00e8vres \u00e0 Caunay, dans la C\u00f4te d\u2019Or \u00e0 Mirebeau sur B\u00e8ze, dans la Loire Atlantique \u00e0 Herbignac, dans la Creuse \u00e0 Faux la Montagne, en Ard\u00e8che \u00e0 St Marcel d\u2019Ard\u00e8che, dans le Vaucluse \u00e0 Vaison la Romaine, dans le Cher \u00e0 Belleville sur Loire, en Savoie dans les Bauges et dans les Deux-S\u00e8vres encore, \u00e0 Moquerat. En derni\u00e8re minute nous apprenons l\u2019existence d\u2019animations suppl\u00e9mentaires dans la Loire et dans les Pyr\u00e9n\u00e9es.<\/p>\n\n\n\n<p>Dans le cadre de cette journ\u00e9e exceptionnelle d\u2019animations dans toutes les r\u00e9gions j\u2019avais propos\u00e9s de dresser la liste des esp\u00e8ces que chacun a observ\u00e9 ce jour l\u00e0 et ce ne sont pas moins de 72 esp\u00e8ces qui furent observ\u00e9es le 26 juin 2021 sur le territoire fran\u00e7ais.<\/p>\n\n\n\n<p>Cette animation a \u00e9t\u00e9 reconduite les 25 et 26 juin 2022 sous l\u2019\u00e9gide de&nbsp;<em><a href=\"https:\/\/www.odonatagallica.com\/\">La Selysienne<\/a><\/em> \u279a, et toujours sous ma coordination. \u00c0 cette occasion et apr\u00e8s une premi\u00e8re version \u00df en 2021, la&nbsp;<em>Journ\u00e9e des Libellules de France&nbsp;<\/em>est baptis\u00e9e&nbsp;<strong><em>Grand marathon des Libellules<\/em><\/strong>. [A suivre\u2026 !]<\/p>\n\n\n\n<p class=\"has-text-align-right\">Coordination 2021 \u2013 Cyrille Deliry<\/p>\n\n\n\n<h4 class=\"wp-block-heading has-very-light-gray-to-cyan-bluish-gray-gradient-background has-background\">Les 72 esp\u00e8ces d\u2019Odonates observ\u00e9s en France le 26 juin 2021<\/h4>\n\n\n\n<p><em>Aeshna affinis, Aeshna cyanea, Aeshna grandis, Aeshna isoceles, Aeshna juncea, Aeshna mixta, Anax imperator, Anax parthenope, Boyeria irene, Brachytron pratense, Calopteryx haemorrhoidalis, Calopteryx splendens, Calopteryx xanthostoma, Calopteryx virgo, Ceriagrion tenellum, Chalcolestes viridis, Coenagrion caerulescens, Coenagrion hastulatum, Coenagrion mercuriale, Coenagrion puella, Coenagrion pulchellum, Coenagrion scitulum, Cordulegaster bidentata, Cordulegaster boltonii, Cordulia aenea, Crocothemis erythraea, Enallagma cyathigerum, Erythromma lindenii, Erythromma najas, Erythromma viridulum, Eurothemis fulva, Gomphus pulchellus, Gomphus simillimus, Gomphus vulgatissimus, Hemianax ephippiger, Eurothemis fulva, Ischnura elegans, Ischnura pumilio, Lestes barbarus, Lestes dryas, Lestes sponsa, Lestes virens, Leucorrhinia albifrons, Leucorrhinia dubia, Leucorrhinia pectoralis, Libellula quadrimaculata, Macromia splendens, Onychogomphus forcipatus, Onychogomphus uncatus, Orthetrum albistylum, Orthetrum brunneum, Orthetrum cancellatum, Orthetrum coerulescens, Oxygastra curtisii, Platetrum depressa, Platycnemis acutipennis, Platycnemis latipes, Platycnemis pennipes, Pyrrhosoma nymphula, Selysiothemis nigra, Somatochlora arctica, Somatochlora flavomaculata, Somatochlora meridionalis, Somatochlora metallica, Stylurus flavipes, Sympecma fusca, Sympetrum danae, Sympetrum flaveolium, Sympetrum fonscolombei, Sympetrum meridionale, Sympetrum striolatum, Trithemis annulata<\/em><\/p>\n","protected":false},"excerpt":{"rendered":"<p>Image d&rsquo;introduction pr\u00e9sentation \u2013&nbsp;Calopteryx haemorrhoidalis&nbsp;(femelle) \u2013 Alain C. de Toulouse En 2021, un \u00e9v\u00e9nement des&nbsp;Histoires Naturelles d\u00e8s 2022 avec La Selysienne \u279a &#8211; 2021 Le &hellip; <\/p>\n","protected":false},"author":1,"featured_media":296,"comment_status":"closed","ping_status":"closed","sticky":false,"template":"","format":"standard","meta":{"footnotes":""},"categories":[322,326,268,1,269,311],"tags":[],"class_list":["post-281","post","type-post","status-publish","format-standard","has-post-thumbnail","hentry","category-deliry-cyrille","category-evenements","category-histoires-naturelles","category-maintenance","category-odonates","category-zz-synchroniser"],"_links":{"self":[{"href":"https:\/\/deliry.com\/index.php?rest_route=\/wp\/v2\/posts\/281","targetHints":{"allow":["GET"]}}],"collection":[{"href":"https:\/\/deliry.com\/index.php?rest_route=\/wp\/v2\/posts"}],"about":[{"href":"https:\/\/deliry.com\/index.php?rest_route=\/wp\/v2\/types\/post"}],"author":[{"embeddable":true,"href":"https:\/\/deliry.com\/index.php?rest_route=\/wp\/v2\/users\/1"}],"replies":[{"embeddable":true,"href":"https:\/\/deliry.com\/index.php?rest_route=%2Fwp%2Fv2%2Fcomments&post=281"}],"version-history":[{"count":13,"href":"https:\/\/deliry.com\/index.php?rest_route=\/wp\/v2\/posts\/281\/revisions"}],"predecessor-version":[{"id":11292,"href":"https:\/\/deliry.com\/index.php?rest_route=\/wp\/v2\/posts\/281\/revisions\/11292"}],"wp:featuredmedia":[{"embeddable":true,"href":"https:\/\/deliry.com\/index.php?rest_route=\/wp\/v2\/media\/296"}],"wp:attachment":[{"href":"https:\/\/deliry.com\/index.php?rest_route=%2Fwp%2Fv2%2Fmedia&parent=281"}],"wp:term":[{"taxonomy":"category","embeddable":true,"href":"https:\/\/deliry.com\/index.php?rest_route=%2Fwp%2Fv2%2Fcategories&post=281"},{"taxonomy":"post_tag","embeddable":true,"href":"https:\/\/deliry.com\/index.php?rest_route=%2Fwp%2Fv2%2Ftags&post=281"}],"curies":[{"name":"wp","href":"https:\/\/api.w.org\/{rel}","templated":true}]}}