{"id":358,"date":"2026-01-02T01:04:03","date_gmt":"2026-01-02T01:04:03","guid":{"rendered":"https:\/\/deliry.com\/?p=358"},"modified":"2026-04-13T15:11:33","modified_gmt":"2026-04-13T15:11:33","slug":"la-population-de-cordulies-splendides-la-plus-septentrionale-du-sud-est-de-la-france-est-menacee-sur-le-bassin-de-leyrieux","status":"publish","type":"post","link":"https:\/\/deliry.com\/?p=358","title":{"rendered":"La Cordulie splendide du bassin de l\u2019Eyrieux face \u00e0 un risque r\u00e9el de disparition : c&rsquo;est confirm\u00e9 en 2025"},"content":{"rendered":"\n<p class=\"has-text-align-right\">Titre ajust\u00e9 le 2 janvier 2026<\/p>\n\n\n\n<p class=\"has-small-font-size\"><strong>Titre du 6 octobre 2024<\/strong> &#8211; &nbsp;La population des Cordulies splendides la plus septentrionale de l\u2019Ard\u00e8che et du Sud-Est de la France menac\u00e9e sur le Bassin de l\u2019Eyrieux<\/p>\n\n\n\n<div class=\"wp-block-group has-very-light-gray-to-cyan-bluish-gray-gradient-background has-background\"><div class=\"wp-block-group__inner-container is-layout-constrained wp-block-group-is-layout-constrained\">\n<p class=\"has-background\" style=\"background:linear-gradient(243deg,rgb(238,238,238) 0%,rgb(169,184,195) 100%)\"><strong>Darnaud S. &amp; Gaillard \u00c9. 2025<\/strong>&nbsp;&#8211;&nbsp;<em>Incidences de la vidange du barrage des Collanges en octobre 2024 sur les populations de trois esp\u00e8ces prot\u00e9g\u00e9es de la vall\u00e9e de l\u2019Eyrieux, rapport 2025&nbsp;:<\/em>&nbsp;Macromia splendens, Oxygastra curtisii, Stylurus flavipes. &#8211; BEED &nbsp;: 95 pp.&nbsp;<\/p>\n\n\n\n<p class=\"has-very-light-gray-to-cyan-bluish-gray-gradient-background has-background\">Communiqu\u00e9 du 25 novembre 2025 &#8211; L&rsquo;ann\u00e9e suivant le l\u00e2cher de boues toxiques, une \u00e9tude protocol\u00e9e des Odonates confirme les craintes : les quatre esp\u00e8ces d&rsquo;Odonates prot\u00e9g\u00e9es sur le site montrent de grave signes de d\u00e9clin avec des disparitions stationnelles ou un d\u00e9clin syst\u00e9matis\u00e9 sur l&rsquo;ensemble des localit\u00e9s encore visit\u00e9es par des sp\u00e9cimens. La quatri\u00e8me esp\u00e8ce qui \u00e9tait r\u00e9guli\u00e8rement observ\u00e9e sur une seule localit\u00e9, n&rsquo;a pas \u00e9t\u00e9 retrouv\u00e9e malgr\u00e9 des recherches soutenues.<\/p>\n<\/div><\/div>\n\n\n\n<p class=\"has-white-color has-text-color has-background has-link-color has-large-font-size wp-elements-63962b52e11309f990d5a93ea05b128e\" style=\"background:linear-gradient(173deg,rgb(74,234,220) 0%,rgb(151,120,209) 15%,rgb(207,42,186) 27%,rgb(238,44,130) 38%,rgb(251,105,98) 56%,rgb(254,248,76) 90%)\"><a href=\"https:\/\/www.change.org\/p\/pour-une-vall%C3%A9e-de-l-eyrieux-vivante\" target=\"_blank\" rel=\"noreferrer noopener\">Signez la p\u00e9tition : Pour une vall\u00e9e de l&rsquo;Eyrieux vivante&#8230;<\/a> car l\u00e0 elle est morbide faute aux l\u00e2chers de boues confirm\u00e9es tr\u00e8s toxiques. <a href=\"https:\/\/www.change.org\/p\/pour-une-vall%C3%A9e-de-l-eyrieux-vivante\" target=\"_blank\" rel=\"noreferrer noopener\"><strong>C&rsquo;est ici<\/strong><\/a> \u279a.<\/p>\n\n\n<div class=\"wp-block-image\">\n<figure class=\"alignright size-full is-resized\"><a href=\"https:\/\/deliry.com\/wp-content\/uploads\/2025\/04\/Macsplepl.jpg\"><img loading=\"lazy\" decoding=\"async\" width=\"578\" height=\"516\" src=\"https:\/\/deliry.com\/wp-content\/uploads\/2025\/04\/Macsplepl.jpg\" alt=\"\" class=\"wp-image-359\" style=\"width:300px\" srcset=\"https:\/\/deliry.com\/wp-content\/uploads\/2025\/04\/Macsplepl.jpg 578w, https:\/\/deliry.com\/wp-content\/uploads\/2025\/04\/Macsplepl-300x268.jpg 300w\" sizes=\"auto, (max-width: 578px) 100vw, 578px\" \/><\/a><figcaption class=\"wp-element-caption\">Planche de la description originale de <em>Cordulia splendens, <\/em>son \u00ab\u00a0premier\u00a0\u00bb nom datant de 1841<\/figcaption><\/figure>\n<\/div>\n\n\n<p>La Cordulie splendide (<em>Macromia splendens<\/em>) est une Libellule localis\u00e9e dont la r\u00e9partition est limit\u00e9e \u00e0 la France et la P\u00e9ninsule ib\u00e9rique. Ses populations consid\u00e9r\u00e9es comme menac\u00e9es, seraient selon les derni\u00e8res indications en d\u00e9clin plus encore sur leurs meilleures localit\u00e9s du Languedoc ou de l&rsquo;Occitanie, probablement sous l&rsquo;effet des changements climatiques (C\u00e9dric Alonso, <em>com. or.<\/em>). L&rsquo;esp\u00e8ce est actuellement consid\u00e9r\u00e9e comme <strong>Vuln\u00e9rable <\/strong>au niveau global et en France. Elle a le m\u00eame statut sur la Liste Rouge rh\u00f4nalpine de 2014. Le contexte est malheureusement en faveur d&rsquo;une situation plus critique.<\/p>\n\n\n<div class=\"wp-block-image\">\n<figure class=\"alignleft size-full is-resized\"><a href=\"https:\/\/deliry.com\/wp-content\/uploads\/2025\/04\/IMG_20220626_135343-copie-1.png\"><img loading=\"lazy\" decoding=\"async\" width=\"400\" height=\"634\" src=\"https:\/\/deliry.com\/wp-content\/uploads\/2025\/04\/IMG_20220626_135343-copie-1.png\" alt=\"\" class=\"wp-image-360\" style=\"width:250px\" srcset=\"https:\/\/deliry.com\/wp-content\/uploads\/2025\/04\/IMG_20220626_135343-copie-1.png 400w, https:\/\/deliry.com\/wp-content\/uploads\/2025\/04\/IMG_20220626_135343-copie-1-189x300.png 189w\" sizes=\"auto, (max-width: 400px) 100vw, 400px\" \/><\/a><figcaption class=\"wp-element-caption\">Exuvie de <em>Macromia splendens <\/em>(Eyrieux) &#8211; \u00a9 S\u00e9bastien Darnaud<\/figcaption><\/figure>\n<\/div>\n\n\n<p>Consult\u00e9 par courrier le 5 octobre 2024, par S\u00e9bastien Darnaud, il est question de menaces sur les populations de <em>Macromia splendens <\/em>de l&rsquo;Eyrieux. En effet des modifications de la qualit\u00e9 du substrat associ\u00e9es \u00e0 de purges de boues anoxiques, voire toxiques pourraient avoir des cons\u00e9quences graves sur la Biodiversit\u00e9 de la rivi\u00e8re puisqu&rsquo;elles sont lib\u00e9r\u00e9es en amont au niveau du Cheylard ! Si du point de vue odonatologique, plusieurs esp\u00e8ces de grand int\u00e9r\u00eat sont connus sur le Bassin comme <em>Gomphus graslinii, Thecagaster bidentata, Onychogomphus uncatus <\/em>par exemple, l&rsquo;esp\u00e8ce embl\u00e9matique de l&rsquo;Eyrieux est sans conteste la <strong>Cordulie splendide<\/strong> dont il s&rsquo;agit de la population la plus septentrionale dans le Sud-Est de la France. Une vision r\u00e9sum\u00e9e, mais aussi compl\u00e8te que possible s&rsquo;av\u00e8re n\u00e9cessaire en pr\u00e9ambule. Elle est fond\u00e9e sur la qualit\u00e9 de la base <em>O&rsquo;donata <\/em>(Groupe Sympetrum &amp; Faune AuRA 2024) qui trouve ici toute son utilit\u00e9 pour r\u00e9aliser des synth\u00e8ses propres \u00e0 fonder des actions de connaissance et de pr\u00e9servation des environnements aquatiques, compl\u00e9t\u00e9 par des connaissances personnelles de la litt\u00e9rature et des donn\u00e9es. Ce pr\u00e9ambule \u00e9tant r\u00e9alis\u00e9, les collaborations et les modalit\u00e9s de la n\u00e9cessit\u00e9 d&rsquo;action pourront se dessiner. Elles seront recherch\u00e9es notamment avec les structures ad\u00e9quates susceptible d&rsquo;agir sur la conservation de cet espace class\u00e9 Natura 2000. Notons que le BEED, la FRAPNA Ard\u00e8che et le Groupe <em>Sympetrum <\/em>s&rsquo;\u00e9taient d\u00e9j\u00e0 associ\u00e9s pour animer une journ\u00e9e du <strong><em>Grand Marathon des Libellules<\/em><\/strong> le 26 juin 2022 dont l&rsquo;animation est assur\u00e9e par <em>La Selysienne<\/em>. A suivre&#8230;<\/p>\n\n\n<div class=\"wp-block-image\">\n<figure class=\"alignright size-full is-resized\"><a href=\"https:\/\/deliry.com\/wp-content\/uploads\/2025\/04\/AchilleGuenee.jpg\"><img loading=\"lazy\" decoding=\"async\" width=\"380\" height=\"600\" src=\"https:\/\/deliry.com\/wp-content\/uploads\/2025\/04\/AchilleGuenee.jpg\" alt=\"\" class=\"wp-image-361\" style=\"width:180px\" srcset=\"https:\/\/deliry.com\/wp-content\/uploads\/2025\/04\/AchilleGuenee.jpg 380w, https:\/\/deliry.com\/wp-content\/uploads\/2025\/04\/AchilleGuenee-190x300.jpg 190w\" sizes=\"auto, (max-width: 380px) 100vw, 380px\" \/><\/a><figcaption class=\"wp-element-caption\">Achille Gu\u00e9n\u00e9e (1809-1880), co-fondateur et Pr\u00e9sident de la SEF<\/figcaption><\/figure>\n<\/div>\n\n\n<p>La citation de <em>Macromia splendens <\/em>dans les collines au-dessus du Bassin de l&rsquo;Eyrieux est connue de tr\u00e8s longue date et il s&rsquo;agit d&rsquo;une des toutes premi\u00e8res localit\u00e9s d\u00e9couvertes de l&rsquo;esp\u00e8ce en France avec celles de l&rsquo;H\u00e9rault et du Poitou. Dans les <strong>ann\u00e9es 1860<\/strong> (la date exacte \u00e9tant connue<sup data-fn=\"e5f57916-148b-4f9d-8dbc-04f5b216dc13\" class=\"fn\">1<\/sup>), Achille Guen\u00e9e, co-fondateur en 1832 de la <em>Soci\u00e9t\u00e9 Entomologique de France, <\/em>et \u00e0 l&rsquo;\u00e9poque pr\u00e9sident de cette association, fait la premi\u00e8re observation de l&rsquo;esp\u00e8ce pour l&rsquo;Ard\u00e8che et Rh\u00f4ne-Alpes. Cet entomologue est bien connu pour ses travaux sur les L\u00e9pidopt\u00e8res. Il faut attendre pr\u00e8s d&rsquo;un si\u00e8cle et demi pour retrouver l&rsquo;esp\u00e8ce sur le secteur. Ainsi c&rsquo;est <strong>en 2013 pour que Guillaume Aubin<\/strong> (Naturalia Environnement) d\u00e9couvre un fragment d&rsquo;exuvie, n\u00e9anmoins d\u00e9terminable, sur la rivi\u00e8re de la <strong>Glueyre<\/strong> \u00e0 Saint-Sauveur-de-Montagut (<a href=\"https:\/\/deliry.com\/pdf\/Cordulie-splendide-_-vallee-eyrieux-et-affluents.jpg.pdf\" target=\"_blank\" rel=\"noreferrer noopener\">PDF<\/a>)<sup data-fn=\"52ae8c53-8075-40cb-acee-f0db69c8c0ad\" class=\"fn\">2<\/sup>. Selon la base <em>O&rsquo;donata <\/em>(Groupe Sympetrum &amp; Faune AuRA 2024), la mention suivante est rapport\u00e9e par Cyrille Deliry le 21 juin 2014 de nouveau sur Saint-Sauveur-de-Montagut, sur la Glueyre<sup data-fn=\"72ce4059-4508-448b-9246-5d8fdbef0d22\" class=\"fn\">3<\/sup>. Le lendemain, rapport\u00e9e \u00e0 S\u00e9bastien Darnaud, la Cordulie est d\u00e9couverte <strong>sur le cours m\u00eame de l&rsquo;Eyrieux<\/strong> aux Olli\u00e8res-sur-Eyrieux avec 8 sp\u00e9cimens<sup data-fn=\"9fe630b5-9aa6-4e91-8903-a87d32d2a80e\" class=\"fn\">4<\/sup>. Le m\u00eame jour cinq autres localit\u00e9s sont indiqu\u00e9es essentiellement sur l&rsquo;Eyrieux par Cyrille Deliry, toujours dans le cadre des OdoRunAlpes de 2014, mais l&rsquo;une d&rsquo;elles concerne l&rsquo;<strong>Auz\u00e8ne<\/strong> (Pranles)<sup data-fn=\"d9335e65-1c2b-424d-a414-6266426b0831\" class=\"fn\">5<\/sup>. Les recherches se poursuivant le 23 juin 2024, S\u00e9bastien Darnaud rapporte une mention tr\u00e8s en amont sur Saint-Sauveur-de-Montaigut sur la Glueyre, et il s&rsquo;agit d&rsquo;un imago t\u00e9rritorial (sexe non pr\u00e9cis\u00e9 : suppos\u00e9 m\u00e2le). Eric Gaillard d\u00e9couvre sur la Glueyre encore, 4 exuvies sur le m\u00eame arbre le 29 juin 2014, ce qui t\u00e9moigne d&rsquo;une densit\u00e9 tr\u00e8s significative de l&rsquo;esp\u00e8ce sur la rivi\u00e8re en certains points en amont du village de Saint-Sauveur-de-Montagut. Bien que des sessions sp\u00e9cifiques d&rsquo;OdoRunAlpes ait eu lieu chacune des ann\u00e9es suivantes, elles ne sont pas toutes report\u00e9es comme telles dans la base <em>O&rsquo;donata<\/em> et en d\u00e9finitive il y en a fort peu. Les mentions sont \u00ab\u00a0autres\u00a0\u00bb : une donn\u00e9e en 2015, une en 2016, puis des citations r\u00e9guli\u00e8res d\u00e8s 2017&#8230; mais aucune de celles r\u00e9colt\u00e9es lors des <strong>OdoRunAlpes<\/strong> n&rsquo;appara\u00eet clairement dans la base. En 2017, <em>Macromia splendens <\/em>est d\u00e9couverte tr\u00e8s en aval du cours de l&rsquo;Eyrieux sur Saint-Vincent-de-Durfort et Duni\u00e8res-sur-Eyrieux par Julie Coutout, Cl\u00e9ment Chauvet et confirm\u00e9e <em>p.p. <\/em>par S\u00e9bastien Darnaud, R\u00e9gis Krieg-Jacquier (OdoRunAlpes) ou Gauthier-Alaric Dumont. La m\u00eame ann\u00e9e, l&rsquo;esp\u00e8ce est trouv\u00e9e plus en amont encore sur la Glueyre. Le 24 juin 2018 l&rsquo;extension des connaissances est \u00e9tendue encore plus en aval, avec la commune de Saint-Fortunat-sur-Eyrieux, o\u00f9 au moins 2 sp\u00e9cimens sont signal\u00e9es (un m\u00e2le territorial et une exuvie) par S\u00e9bastien Darnaud, Paul de Ferri\u00e8re et Gauthier-Alaric Dumont<sup data-fn=\"cb55ed75-f899-477e-bee3-78b9af783a5e\" class=\"fn\">6<\/sup>. Tr\u00e8s en amont sur la Glueyre, la Cordulie est signal\u00e9, imagos compris, les 18 juillet, 28 ao\u00fbt, ainsi que tr\u00e8s tardivement le 13 septembre<sup data-fn=\"8921a17d-792b-49b4-a206-29502ff1fda6\" class=\"fn\">7<\/sup> 2018 par S\u00e9bastien Darnaud au niveau de la commune d&rsquo;Albon-d&rsquo;Ard\u00e8che. La <strong>Duni\u00e8re <\/strong>abrite aussi la Cordulie splendide comme le montre l&rsquo;observation faite le 23 juin 2019 d&rsquo;un sp\u00e9cimen par S\u00e9bastien Darnaud (Saint-Michel-de-Chabrillanoux). Le 26 juin 2019, Pierre Juliand et \u00c9ric Gaillard, avec la d\u00e9couverte d&rsquo;une exuvie (non sex\u00e9e) repousse la limite aval connue pour la population de Cordulie, plus bas sur la commune de Saint-Fortunat-sur-Eyrieux. Le maximum aval est quasi atteint lorsque le 2 juillet 2019, S\u00e9bastien Darnaud cite un sp\u00e9cimen (imago ou exuvie ?) sur <strong>Beauchastel \u00e0 pr\u00e8s de 1500 m de l&#8217;embouchure avec le Rh\u00f4ne<\/strong>. Un hiatus d&rsquo;une dizaine de kilom\u00e8tre o\u00f9 aucune citation n&rsquo;a jamais \u00e9t\u00e9 faite entre Saint-Fortunat et Beauchastel est \u00e0 alors \u00e0 r\u00e9soudre ! Ainsi les recherches faites en 2019 \u00e0 Saint-Laurent-du-Pape sont-elles veines alors que les habitats sont pr\u00e9sents. En 2020 de nouvelles citations confirment la pr\u00e9sence de l&rsquo;esp\u00e8ce de nouveau tr\u00e8s en amont sur la Glueyre \u00e0 Albon-d&rsquo;Ard\u00e8che. De ce c\u00f4t\u00e9 l\u00e0 un hiatus existe aussi et par exemple l&rsquo;esp\u00e8ce n&rsquo;est pas trouv\u00e9e malgr\u00e9 des recherches ad\u00e9quates en 2020 \u00e0 Saint-Pierreville. Les prospections ont \u00e9t\u00e9 \u00e9tiques en 2023 (un seul individu pr\u00e9cis\u00e9 en ao\u00fbt \u00e0 Saint-Sauveur-de-Montagut). Il en est de m\u00eame en 2024 o\u00f9 selon <em>Faune France<\/em>, la seule mention de l&rsquo;ann\u00e9e concerne une exuvie, sur une des meilleures localit\u00e9s connue sur la Glueyre \u00e0 Saint-Sauveur-de-Montagut (S\u00e9bastien Darnaud le 21 juin 2024). S\u00e9bastien Darnaud (<em>in litt., <\/em>6 octobre 2024) r\u00e9v\u00e8le l&rsquo;existence d&rsquo;une importante population sur l&rsquo;Eyrieux en amont de la confluence avec la Glueyre. Celle-ci n&rsquo;est pas renseign\u00e9e dans la base r\u00e9gionale <em>O&rsquo;donata<\/em> : \u00e0 suivre&#8230;<\/p>\n\n\n\n<p><strong>L&rsquo;analyse de donn\u00e9es disponibles pour <em>Macromia splendens <\/em><\/strong>permet de dresser les grandes lignes de la progression de connaissances depuis 2013 (base <em>O&rsquo;donata <\/em>mise \u00e0 jour en 2023 et <em>Faune France<\/em> pour 2024). La d\u00e9couverte sur le secteur (un peu plus au sud dans les collmines) faite dans les ann\u00e9es 1860 par Achille Guen\u00e9e, est suivie d&rsquo;un si\u00e8cle et demi pendant laquelle la pr\u00e9sence de l&rsquo;esp\u00e8ce n&rsquo;a pas \u00e9t\u00e9 signal\u00e9e. Une analyse fine des prospections faites sur le Bassin de l&rsquo;Eyrieux reste \u00e0 faire pour savoir s&rsquo;il s&rsquo;agit d&rsquo;une r\u00e9installation ou d&rsquo;une lacune de connaissance. Toutefois d\u00e8s 2013 et 2014, les indications sont en faveur d&rsquo;une population bien \u00e9tablie. Jusqu&rsquo;en 2019 les recherches permettent de mesurer l&rsquo;aire occup\u00e9e par l&rsquo;esp\u00e8ce qui va de la Glueyre en amont depuis Albon-d&rsquo;Ard\u00e8che \u00e0 proximit\u00e9 de l&#8217;embouchure sur Beauchastel. N\u00e9anmoins de secteurs sans observations, malgr\u00e9 de recherches sp\u00e9cifiques subsistent tant c\u00f4t\u00e9 amont sur la Glueyre entre Saint-Sauveur-de-Montagut et Albon sur pr\u00e8s de 20 km et c\u00f4t\u00e9 aval entre Saint-Fortunat-d&rsquo;Eyrieux et Beauchastel avec aucune mention sur pr\u00e8s de 10 km. En r\u00e9alit\u00e9 les stations connues ne sont denses que sur une grosse dizaine de kilom\u00e8tres. Les indications sur les affluents autres que la Glueyre sont probablement le cas de populations fonctionnelles, sur l&rsquo;Auz\u00e8ne et la Duni\u00e8re&#8230; mais elles sont peu recherch\u00e9es par les naturalistes et apparaissent relativement secondaires. S\u00e9bastien Darnaud (BEED) se distingue par son travail de suivi tr\u00e8s r\u00e9gulier et les recherches sur cette esp\u00e8ce depuis une dizaine d&rsquo;ann\u00e9es. De nouvelles recherches sont pr\u00e9vues en 2025. \u00c0 noter que l&rsquo;Eyrieux en amont de son embouchure avec la Glueyre ne pr\u00e9sente pas de populations, mais aucune indication ne pr\u00e9cise des prospections ad\u00e9quates aux r\u00e9sultats n\u00e9gatifs On devra am\u00e9liorer la qualit\u00e9 des saisies, car il manque de nombreux d\u00e9tails ou pr\u00e9cisions.<\/p>\n\n\n<div class=\"wp-block-image\">\n<figure class=\"aligncenter size-full is-resized\"><a href=\"https:\/\/deliry.com\/wp-content\/uploads\/2025\/04\/macsplfrance-768x351-1.png\"><img loading=\"lazy\" decoding=\"async\" width=\"768\" height=\"351\" src=\"https:\/\/deliry.com\/wp-content\/uploads\/2025\/04\/macsplfrance-768x351-1.png\" alt=\"\" class=\"wp-image-362\" style=\"width:500px\" srcset=\"https:\/\/deliry.com\/wp-content\/uploads\/2025\/04\/macsplfrance-768x351-1.png 768w, https:\/\/deliry.com\/wp-content\/uploads\/2025\/04\/macsplfrance-768x351-1-300x137.png 300w\" sizes=\"auto, (max-width: 768px) 100vw, 768px\" \/><\/a><figcaption class=\"wp-element-caption\">Situation septentrionale du Bassin de l&rsquo;Eyrieux pour <em>Macromia splendens <\/em>bas\u00e9 sur une carte extraite des <em>Odonates en France <\/em>(Deliry 2022)<\/figcaption><\/figure>\n<\/div>\n\n<div class=\"wp-block-image\">\n<figure class=\"aligncenter size-full is-resized\"><a href=\"https:\/\/deliry.com\/wp-content\/uploads\/2025\/04\/Macromia-splendens-Eyrieux-1024x264-1.png\"><img loading=\"lazy\" decoding=\"async\" width=\"1024\" height=\"264\" src=\"https:\/\/deliry.com\/wp-content\/uploads\/2025\/04\/Macromia-splendens-Eyrieux-1024x264-1.png\" alt=\"\" class=\"wp-image-363\" style=\"width:800px\" srcset=\"https:\/\/deliry.com\/wp-content\/uploads\/2025\/04\/Macromia-splendens-Eyrieux-1024x264-1.png 1024w, https:\/\/deliry.com\/wp-content\/uploads\/2025\/04\/Macromia-splendens-Eyrieux-1024x264-1-300x77.png 300w, https:\/\/deliry.com\/wp-content\/uploads\/2025\/04\/Macromia-splendens-Eyrieux-1024x264-1-768x198.png 768w\" sizes=\"auto, (max-width: 1024px) 100vw, 1024px\" \/><\/a><figcaption class=\"wp-element-caption\">Synth\u00e8se cartographique r\u00e9sum\u00e9e de la population de <em>Macromia splendens <\/em>sur l&rsquo;Eyrieux selon les connaissances disponibles en octobre 2024 &#8211; \u00a9\u00a9 byncsa &#8211; Cyrille Deliry (<em>Histoires Naturelles<\/em>)<\/figcaption><\/figure>\n<\/div>\n\n<div class=\"wp-block-image\">\n<figure class=\"aligncenter size-full is-resized\"><a href=\"https:\/\/deliry.com\/wp-content\/uploads\/2025\/04\/macspleyrieux-768x592-1.png\"><img loading=\"lazy\" decoding=\"async\" width=\"768\" height=\"592\" src=\"https:\/\/deliry.com\/wp-content\/uploads\/2025\/04\/macspleyrieux-768x592-1.png\" alt=\"\" class=\"wp-image-364\" style=\"width:640px\" srcset=\"https:\/\/deliry.com\/wp-content\/uploads\/2025\/04\/macspleyrieux-768x592-1.png 768w, https:\/\/deliry.com\/wp-content\/uploads\/2025\/04\/macspleyrieux-768x592-1-300x231.png 300w\" sizes=\"auto, (max-width: 768px) 100vw, 768px\" \/><\/a><figcaption class=\"wp-element-caption\">Stations de Cordulies splendides les plus en amont sur la Glueyre et sur l&rsquo;Eyrieux, soit entre 8 et 12 km de la confluence situ\u00e9e \u00e0 Saint-Sauveur-de-Montagut &#8211; Fond emprunt\u00e9 au site G\u00e9oportail IGN France &#8211; En image, son exuvie spectaculaire, vue de dessus<\/figcaption><\/figure>\n<\/div>\n\n\n<p class=\"has-text-align-right has-luminous-vivid-orange-color has-text-color has-link-color wp-elements-9e5e27907a455d491a1c439250f12963\">Premi\u00e8re r\u00e9daction : Cyrille Deliry (<em>Histoires Naturelles<\/em>) le 6 octobre 2024<\/p>\n\n\n\n<figure class=\"wp-block-table aligncenter\"><table class=\"has-fixed-layout\"><tbody><tr><td class=\"has-text-align-center\" data-align=\"center\"><img decoding=\"async\" src=\"https:\/\/deliry.com\/wp-content\/uploads\/2025\/04\/gps-3.png\" alt=\"\"><\/td><td class=\"has-text-align-center\" data-align=\"center\"><img decoding=\"async\" src=\"https:\/\/deliry.com\/wp-content\/uploads\/2025\/04\/10d981c6.png\" alt=\"\"><\/td><\/tr><tr><td class=\"has-text-align-center\" data-align=\"center\"><em>Histoires Naturelles<\/em><\/td><td class=\"has-text-align-center\" data-align=\"center\"><em>Bassin de l&rsquo;Eyrieux<\/em><br><em>Environnement D\u00e9veloppement<\/em><\/td><\/tr><\/tbody><\/table><\/figure>\n\n\n\n<h4 class=\"wp-block-heading has-very-light-gray-to-cyan-bluish-gray-gradient-background has-background\">Actions, \u00e0 faire et pr\u00e9conisations&#8230; (\u00e9tat au 7 octobre 2024 : \u00e0 revoir&#8230;)<\/h4>\n\n\n\n<p>Le degr\u00e9 d&rsquo;urgence et d&rsquo;importance des options est estim\u00e9 par des \u2022\u2022\u2022 !<\/p>\n\n\n\n<ul class=\"wp-block-list\">\n<li>D\u00e9couverte et description de <em>Macromia splendens <\/em>(localit\u00e9-type en France) depuis l&rsquo;H\u00e9rault et d\u00e9couverte en Poitou et en Ard\u00e8che (r\u00e9f\u00e9rences \u00e0 pr\u00e9ciser). Am\u00e9lioration du contexte d&rsquo;observation de l&rsquo;esp\u00e8ce par A.Gu\u00e9n\u00e9e en Ard\u00e8che dans les ann\u00e9es 1860. \u2022<\/li>\n\n\n\n<li>Consultation des Atlas locaux : Rh\u00f4ne-Alpes et Ard\u00e8che afin de mettre en perspective les connaissances de <em>Macromia<\/em>. \u2022\u2022<\/li>\n\n\n\n<li>Article de la d\u00e9couverte de l&rsquo;esp\u00e8ce sur l&rsquo;Eyrieux r\u00e9dig\u00e9 par Guillaume Aubin probablement \u00e0 citer et d\u00e9velopper. \u2022\u2022<\/li>\n\n\n\n<li>\u00c9tablissement de la liste des OdoRunAlpes et des participants r\u00e9els, ainsi que mise au net des donn\u00e9es odonatologiques associ\u00e9es en particulier au sujet de <em>Macromia splendens <\/em>et de la mention de <em>Gomphus graslinii <\/em>: mise en forme de m\u00e9tadonn\u00e9es \u00e0 mettre en parall\u00e8le des donn\u00e9es saisies r\u00e9ellement et \u00e9tablissement du niveau de validit\u00e9 des observations correspondantes. \u2022\u2022<\/li>\n\n\n\n<li>Point sur la situation d&rsquo;<em>Oxygastra curtisii <\/em>une autre esp\u00e8ce patrimoniale importante sur le Bassin de l&rsquo;Eyrieux. \u2022\u2022\u2022<\/li>\n\n\n\n<li>Point sur les actions men\u00e9es pour la connaissance et la pr\u00e9servation pass\u00e9e des Odonates et leurs habitats sur la Vall\u00e9e de l&rsquo;Eyrieux, en particulier par le GRPLS et l&rsquo;association BEED, ainsi que les Bureaux d&rsquo;\u00e9tudes concern\u00e9s. Caract\u00e9risation du site Natura 2000. Bibliographie. \u2022\u2022\u2022<\/li>\n\n\n\n<li>Concertation et mise en forme des collaborations avec les structures agissantes en termes de pr\u00e9servation. \u2022\u2022\u2022<\/li>\n\n\n\n<li><mark style=\"background-color:rgba(0, 0, 0, 0)\" class=\"has-inline-color has-luminous-vivid-orange-color\"><strong>\u00c9tablissement des faits associ\u00e9s \u00e0 la lib\u00e9ration de boues anoxiques voire toxiques en 2024, actions, r\u00e9actions, perspectives de la s\u00e9quence \u00c9viter &#8211; R\u00e9duire &#8211; Compenser. \u00c0 quelles \u00e9tapes nous trouvons-nous ?<\/strong> \u2022\u2022\u2022\u2022<\/mark><\/li>\n\n\n\n<li>Possibilit\u00e9 de synth\u00e8ses voire dossier rouge : un article de synth\u00e8se sur <em>Macromia splendens <\/em>\u00e9tait pr\u00e9vu d\u00e8s 2014 et il n&rsquo;a toujours pas \u00e9t\u00e9 r\u00e9dig\u00e9, un Dossier Rouge est l&rsquo;outil ad\u00e9quate pour fonder des pr\u00e9conisations, actions, r\u00e9actions. \u2022\u2022\u2022<\/li>\n\n\n\n<li>Extension des prospections entre les rivi\u00e8res de l&rsquo;Eyrieux et de l&rsquo;Ard\u00e8che<sup data-fn=\"1aba8c49-3a15-438d-899c-2b1a1bfdf9ab\" class=\"fn\">8<\/sup> ainsi qu&rsquo;\u00e0 proximit\u00e9 plus au nord<sup data-fn=\"22adc7af-bc3d-47f4-8874-5a0264df1007\" class=\"fn\">9<\/sup>. Les recherches plus en amont sur l&rsquo;Eyrieux pourraient aussi \u00eatre pertinentes<sup data-fn=\"538c63ce-6559-421d-9c3d-0c0dbe613be9\" class=\"fn\">10<\/sup>.<\/li>\n<\/ul>\n\n\n\n<hr class=\"wp-block-separator has-alpha-channel-opacity\"\/>\n\n\n\n<ul class=\"wp-block-list\">\n<li>26 juin 2022 &#8211; Animation locale du <em>Grand Marathon des Libellules<\/em> (animation g\u00e9n\u00e9rale de <em><a href=\"https:\/\/www.odonatagallica.com\/\" target=\"_blank\" rel=\"noreferrer noopener\">La Selysienne<\/a><\/em> \u279a) sur le Bassin de l&rsquo;Eyrieux par l&rsquo;association BEED (<a href=\"https:\/\/www.odonatagallica.com\/?p=4427\">pr\u00e9sentation<\/a> \u279a).<\/li>\n\n\n\n<li>5 octobre 2024 &#8211; Consultation par courrier \u00e9lectronique de Cyrille Deliry par S\u00e9bastien Darnaud (BEED) sur la probl\u00e9matique de lib\u00e9ration de boues anoxiques voire toxiques sur le cours de l&rsquo;Eyrieux.<\/li>\n\n\n\n<li>6 octobre 2024 &#8211; Dans le cadre des activit\u00e9s des <em>Histoires Naturelles <\/em>(Odonates du Monde), je r\u00e9alise l&rsquo;extraction des donn\u00e9es opensource, sur le Bassin de l&rsquo;Eyrieux \u00e0 partir de la base <em>O&rsquo;donata <\/em>(Groupe Sympetrum &amp; Faune AuRA 2024) pour les ann\u00e9es 2023 et ant\u00e9rieures et de <em>Faune France <\/em>pour l&rsquo;ann\u00e9e 2024. Mise en forme et analyse des donn\u00e9es de <em>Macromia splendens<\/em> ainsi qu&rsquo;assemblage des \u00e9l\u00e9ments historiques accompagn\u00e9e d&rsquo;un r\u00e9sum\u00e9 cartographique. Appel \u00e0 collaboration aupr\u00e8s du GRPLS et de la FRAPNA Ard\u00e8che. Contact avec le BEED (S\u00e9bastien Darnaud).<\/li>\n<\/ul>\n\n\n\n<h4 class=\"wp-block-heading has-very-light-gray-to-cyan-bluish-gray-gradient-background has-background\">D\u00e9tails de l&rsquo;actualit\u00e9 sur FaceBook<\/h4>\n\n\n\n<iframe loading=\"lazy\" src=\"https:\/\/www.facebook.com\/plugins\/post.php?href=https%3A%2F%2Fwww.facebook.com%2Finfoscastor2607%2Fposts%2Fpfbid02ywWsJ7vrUtScjsWrXLRLcw3n74kbDrdTXMcV98zTda2MzfNjQ5uRQdLmb6eiWzqPl&#038;show_text=true&#038;width=500\" width=\"500\" height=\"480\" style=\"border:none;overflow:hidden\" scrolling=\"no\" frameborder=\"0\" allowfullscreen=\"true\" allow=\"autoplay; clipboard-write; encrypted-media; picture-in-picture; web-share\"><\/iframe>\n\n\n\n<h4 class=\"wp-block-heading has-very-light-gray-to-cyan-bluish-gray-gradient-background has-background\">R\u00e9f\u00e9rences cit\u00e9es<\/h4>\n\n\n\n<ul class=\"wp-block-list\">\n<li><strong>Deliry C. 2022<\/strong>&nbsp;&#8211;&nbsp;<em>Odonates en France.<\/em>&nbsp;&#8211; Histoires Naturelles n\u00b065, v.3 du 17 f\u00e9vrier 2022 (premi\u00e8re \u00e9dition le 12 f\u00e9vrier 2022). &#8211;&nbsp;<a href=\"https:\/\/deliry.com\/pdf\/hn652022.pdf\" target=\"_blank\" rel=\"noreferrer noopener\">PDF<\/a><\/li>\n\n\n\n<li><strong>Groupe Sympetrum &amp; Faune AuRA [2024] <\/strong>&#8211; <em>O&rsquo;donata, base de donn\u00e9es odonatologique en Rh\u00f4ne-Alpes et Dauphin\u00e9.<\/em><sup data-fn=\"3303226f-2e8b-4bec-a27b-92a5855b1b49\" class=\"fn\">11<\/sup><em> <\/em>&#8211; GRPLS, LPO AuRA, Entre-Amis &amp; col., consult\u00e9e le 6 octobre 2024 selon un polygone centr\u00e9 (fig. Eyrieux) sur le Bassin de l&rsquo;Eyrieux. &#8211; <a href=\"https:\/\/odonata.sympetrum.fr\/\" target=\"_blank\" rel=\"noreferrer noopener\">ONLINE<\/a><sup data-fn=\"21e9da37-4596-442e-9d3f-2f3fbeaeec7c\" class=\"fn\">12<\/sup><\/li>\n<\/ul>\n\n\n\n<p><em>R\u00e9f\u00e9rences \u00e0 compl\u00e9ter&#8230;<\/em><\/p>\n\n\n\n<ul class=\"wp-block-list\">\n<li><strong>Anonyme 2025<\/strong>&nbsp;&#8211;&nbsp;<em>Alerte sur la diminution du nombre de libellules sur l\u2019Eyrieux.<\/em>&nbsp;&#8211; L&rsquo;hebdo de l&rsquo;Ard\u00e8che, 25 ao\u00fbt 2025. &#8211;&nbsp;<a href=\"https:\/\/www.hebdo-ardeche.fr\/ardeche-alerte-sur-la-diminution-du-nombre-de-libellules-sur-leyrieux\/\" target=\"_blank\" rel=\"noreferrer noopener\">ONLINE<\/a><\/li>\n<\/ul>\n\n\n\n<h4 class=\"wp-block-heading has-very-light-gray-to-cyan-bluish-gray-gradient-background has-background\">Webographie<\/h4>\n\n\n\n<ul class=\"wp-block-list\">\n<li><a href=\"https:\/\/vallee-eyrieux-et-affluents.n2000.fr\/actualites\/cordulie-splendide\" target=\"_blank\" rel=\"noreferrer noopener\">Cordulie splendide<\/a> (avis de d\u00e9couverte sur la Glueyre dat\u00e9 du 19 ao\u00fbt 2013) (Natura 2000 : Actualit\u00e9s) &#8211; <a href=\"https:\/\/deliry.com\/pdf\/Cordulie-splendide-_-vallee-eyrieux-et-affluents.jpg.pdf\" target=\"_blank\" rel=\"noreferrer noopener\">ARCHIVE PDF<\/a><\/li>\n\n\n\n<li><a href=\"https:\/\/beed07.org\/\" target=\"_blank\" rel=\"noreferrer noopener\">Macromie ou Cordulie spendide (<em>Macromia splendens<\/em>)<\/a> (BEED 07 &#8211; \u00a9 2014) &#8211; <a href=\"https:\/\/deliry.com\/pdf\/MacromiaSplendensBEED2013.pdf\" target=\"_blank\" rel=\"noreferrer noopener\">ARCHIVE PDF<\/a><\/li>\n\n\n\n<li><a href=\"https:\/\/www.odonatagallica.com\/?p=4427\">Vall\u00e9e de l&rsquo;Eyrieux &#8211; <em>Bassin de l&rsquo;Eyrieux Environnement D\u00e9veloppement<\/em><\/a><em> <\/em>(Grand Marathon des Libellules le 26 juin 2022)<\/li>\n<\/ul>\n\n\n<div class=\"wp-block-image\">\n<figure class=\"aligncenter size-full is-resized\"><a href=\"https:\/\/deliry.com\/wp-content\/uploads\/2025\/04\/Bassin-Eyrieux-environ-768x512-1.png\"><img loading=\"lazy\" decoding=\"async\" width=\"768\" height=\"512\" src=\"https:\/\/deliry.com\/wp-content\/uploads\/2025\/04\/Bassin-Eyrieux-environ-768x512-1.png\" alt=\"\" class=\"wp-image-367\" style=\"width:640px\" srcset=\"https:\/\/deliry.com\/wp-content\/uploads\/2025\/04\/Bassin-Eyrieux-environ-768x512-1.png 768w, https:\/\/deliry.com\/wp-content\/uploads\/2025\/04\/Bassin-Eyrieux-environ-768x512-1-300x200.png 300w\" sizes=\"auto, (max-width: 768px) 100vw, 768px\" \/><\/a><figcaption class=\"wp-element-caption\">Fig. Eyrieux &#8211; Polygone d&#8217;emprise centr\u00e9 sur le Bassin de l&rsquo;Eyrieux consult\u00e9 sur la base <em>O&rsquo;donata<\/em> le 6 octobre 2024 : lot de 3394 donn\u00e9es<\/figcaption><\/figure>\n<\/div>\n\n\n<hr class=\"wp-block-separator has-alpha-channel-opacity is-style-wide\"\/>\n\n\n<ol class=\"wp-block-footnotes\"><li id=\"e5f57916-148b-4f9d-8dbc-04f5b216dc13\"> L&rsquo;observation d&rsquo;Achille Guen\u00e9e des ann\u00e9es 1860 est connue avec pr\u00e9cision y compris en termes de localisation (voir article correspondant) : \u00e0 am\u00e9liorer. <a href=\"#e5f57916-148b-4f9d-8dbc-04f5b216dc13-link\" aria-label=\"Aller \u00e0 la note de bas de page 1\">\u21a9\ufe0e<\/a><\/li><li id=\"52ae8c53-8075-40cb-acee-f0db69c8c0ad\">La date exacte de la d\u00e9couverte par Guillaume Aubin (Naturalia Environnement) est de plus \u00e9tay\u00e9e par des photographies. Elle est relat\u00e9e par un article : \u00e0 am\u00e9liorer. <a href=\"#52ae8c53-8075-40cb-acee-f0db69c8c0ad-link\" aria-label=\"Aller \u00e0 la note de bas de page 2\">\u21a9\ufe0e<\/a><\/li><li id=\"72ce4059-4508-448b-9246-5d8fdbef0d22\">Les d\u00e9tails de cette observation rapport\u00e9e \u00e0 Cyrille Deliry, sont connus et interviennent dans un OdoRunAlpes ayant mobilis\u00e9 de nombreux observateurs : \u00e0 am\u00e9liorer. <a href=\"#72ce4059-4508-448b-9246-5d8fdbef0d22-link\" aria-label=\"Aller \u00e0 la note de bas de page 3\">\u21a9\ufe0e<\/a><\/li><li id=\"9fe630b5-9aa6-4e91-8903-a87d32d2a80e\">Cette d\u00e9couverte s&rsquo;est faite dans le cadre de la deuxi\u00e8me journ\u00e9e des OdoRunAlpes en 2014. Les d\u00e9tails de cette observation sont mieux connus et de m\u00e9moire, puisque j&rsquo;y \u00e9tait, il s&rsquo;agissait d&rsquo;exuvies : \u00e0 am\u00e9liorer. <a href=\"#9fe630b5-9aa6-4e91-8903-a87d32d2a80e-link\" aria-label=\"Aller \u00e0 la note de bas de page 4\">\u21a9\ufe0e<\/a><\/li><li id=\"d9335e65-1c2b-424d-a414-6266426b0831\">L&rsquo;ensemble de ces donn\u00e9es sont connues avec pr\u00e9cision et concernent toutes des exuvies : \u00e0 am\u00e9liorer. <a href=\"#d9335e65-1c2b-424d-a414-6266426b0831-link\" aria-label=\"Aller \u00e0 la note de bas de page 5\">\u21a9\ufe0e<\/a><\/li><li id=\"cb55ed75-f899-477e-bee3-78b9af783a5e\">Plusieurs citations qui paraissent \u00e0 fusionner sous forme d&rsquo;une m\u00e9tadonn\u00e9e synth\u00e9tique apparaissent dans la base <em>O&rsquo;donata<\/em> cette ann\u00e9e l\u00e0 et le jeu des d\u00e9doublonnages semble avoir conduit \u00e0 une disparition d&rsquo;une partie des informations. <a href=\"#cb55ed75-f899-477e-bee3-78b9af783a5e-link\" aria-label=\"Aller \u00e0 la note de bas de page 6\">\u21a9\ufe0e<\/a><\/li><li id=\"8921a17d-792b-49b4-a206-29502ff1fda6\">La donn\u00e9e est impr\u00e9cise et ne signale que la citation d&rsquo;un sp\u00e9cimen. Par d\u00e9faut il devrait s&rsquo;agir d&rsquo;un imago, toutefois une exuvie \u00ab\u00a0reserv\u00e9e\u00a0\u00bb et decouverte \u00e0 une date tardive peut \u00eatre envisag\u00e9e. <a href=\"#8921a17d-792b-49b4-a206-29502ff1fda6-link\" aria-label=\"Aller \u00e0 la note de bas de page 7\">\u21a9\ufe0e<\/a><\/li><li id=\"1aba8c49-3a15-438d-899c-2b1a1bfdf9ab\">\u2022\u2022\u00a0Ouv\u00e8ze, La Payre, Laveyzon [?], Escoutay. <a href=\"#1aba8c49-3a15-438d-899c-2b1a1bfdf9ab-link\" aria-label=\"Aller \u00e0 la note de bas de page 8\">\u21a9\ufe0e<\/a><\/li><li id=\"22adc7af-bc3d-47f4-8874-5a0264df1007\">\u2022\u2022\u00a0Turzon [?], Embroye [?], Largenti\u00e8re [?], Les Aurets [?], Doux, \u2022 La Tuili\u00e8re [?], Ozon [?], L&rsquo;Ay, La Cance, La Limony [?], Le Batalon [?], La Valencize [?]. <a href=\"#22adc7af-bc3d-47f4-8874-5a0264df1007-link\" aria-label=\"Aller \u00e0 la note de bas de page 9\">\u21a9\ufe0e<\/a><\/li><li id=\"538c63ce-6559-421d-9c3d-0c0dbe613be9\">\u2022\u2022\u2022 Barrage des Collanges, \u2022\u2022 L&rsquo;Eyrieux amont, La Dorne. <a href=\"#538c63ce-6559-421d-9c3d-0c0dbe613be9-link\" aria-label=\"Aller \u00e0 la note de bas de page 10\">\u21a9\ufe0e<\/a><\/li><li id=\"3303226f-2e8b-4bec-a27b-92a5855b1b49\"><strong>Notes pour l&rsquo;am\u00e9lioration des observations<\/strong> : Pr\u00e9ciser et r\u00e9f\u00e9rencer l&rsquo;observation d&rsquo;Achille Guen\u00e9e : ann\u00e9es 1860, alors qu&rsquo;elle est connue avec pr\u00e9cision y compris en termes de localisation (voir article correspondant). La date exacte de la premi\u00e8re mention de Guillaume Aubin (Naturalia Environnement) en 2013 est connue avec pr\u00e9cision. \u2022\u00a0Revoir l&rsquo;orthographe : Achille Gu\u00e9n\u00e9e. <a href=\"#3303226f-2e8b-4bec-a27b-92a5855b1b49-link\" aria-label=\"Aller \u00e0 la note de bas de page 11\">\u21a9\ufe0e<\/a><\/li><li id=\"21e9da37-4596-442e-9d3f-2f3fbeaeec7c\"><strong>Observateurs principaux<\/strong>  : Aubin Guillaume*, Barral Aur\u00e9lie, Bazin Nicolas, Bauvet Corinne, BEED, Bouniol Julien*, Buffet Victoria, Buissart Julien, Caffin Marie-Pierre, Carlet Charlotte, Chapuis Sylvain*, Chauvet Cl\u00e9ment, Cousin Philippe, Coutout Julie*, Cuypers Maartens, Darnaud S\u00e9bastien*, David Lo\u00e9c, Dayde St\u00e9phanie, De Ferri\u00e8re Paul*, De Knegt Bart, De Titta Alexandre,  Delhome Beno\u00e9t*, Deliry Cyrille*, Dumont Gauthier-Alaric*, Falatico Pierre, Faton Jean-Michel, FNE Ain, Flammant Philippe*, Fressinaud Mas de Feix Erwan, Gaillard \u00c9ric*, Gr\u00e8zes Jean-Philippe, Gross Katell, GRPLS, Gu\u00e9n\u00e9e Achille*, Guerbaa Karim, Issartel G\u00e9rard, Jego Valentin*, Juliand Christine, Juliand Pierre*, Kolanek Nathan, Krieg-Jacquier R\u00e9gis*, Ladet Alain, Lootsma Hiele, LPO AuRA, Meynet Dominique, Mounier-Rigaud Chantal, Naturalia Environnement, Nijland Peter, Noally Loup, Noirjean David, OdoRunAlpes*, Oms Hugo, Overweg Julian, Palomares Vincent, Parrain Lisa, Parrain Nicolas,  Pavlik Marin, Pissavin St\u00e9phane, PNR des Monts d&rsquo;Ard\u00e8che, Prat-Mairet Yves, Ribatto \u00c9douard, Ruiter M., Sanitas Claude*, Schaming Quentin*, Schleicher J\u00f6rg,, Soudane Roger, Tcheng Emmanuel, Thivolle Antoine, Ton Louis, Tourel Jean-S\u00e9bastien, Troost Louis, Vehaar Ren\u00e9, Viallet Melchior. &#8211; <strong>Bases sources <\/strong>: Bazin, Bouniol*, Deliry*, Faton, Juliand*, Faune Ard\u00e8che*, Faune AuRA*, Faune France*, GRPLS*, Ladet, Observado, Pissavin, Sfo INVOD &#8211; <strong>Les ressources concernant <em>Macromia splendens <\/em>sont mises en \u00e9vidence par le signe <\/strong>\u00ab\u00a0<strong>*<\/strong>\u00a0\u00bb : 122 mentions. <a href=\"#21e9da37-4596-442e-9d3f-2f3fbeaeec7c-link\" aria-label=\"Aller \u00e0 la note de bas de page 12\">\u21a9\ufe0e<\/a><\/li><\/ol>","protected":false},"excerpt":{"rendered":"<p>Titre ajust\u00e9 le 2 janvier 2026 Titre du 6 octobre 2024 &#8211; &nbsp;La population des Cordulies splendides la plus septentrionale de l\u2019Ard\u00e8che et du Sud-Est &hellip; <\/p>\n","protected":false},"author":1,"featured_media":368,"comment_status":"closed","ping_status":"closed","sticky":false,"template":"","format":"standard","meta":{"footnotes":"[{\"content\":\" L'observation d'Achille Guen\u00e9e des ann\u00e9es 1860 est connue avec pr\u00e9cision y compris en termes de localisation (voir article correspondant) : \u00e0 am\u00e9liorer.\",\"id\":\"e5f57916-148b-4f9d-8dbc-04f5b216dc13\"},{\"content\":\"La date exacte de la d\u00e9couverte par Guillaume Aubin (Naturalia Environnement) est de plus \u00e9tay\u00e9e par des photographies. Elle est relat\u00e9e par un article : \u00e0 am\u00e9liorer.\",\"id\":\"52ae8c53-8075-40cb-acee-f0db69c8c0ad\"},{\"content\":\"Les d\u00e9tails de cette observation rapport\u00e9e \u00e0 Cyrille Deliry, sont connus et interviennent dans un OdoRunAlpes ayant mobilis\u00e9 de nombreux observateurs : \u00e0 am\u00e9liorer.\",\"id\":\"72ce4059-4508-448b-9246-5d8fdbef0d22\"},{\"content\":\"Cette d\u00e9couverte s'est faite dans le cadre de la deuxi\u00e8me journ\u00e9e des OdoRunAlpes en 2014. Les d\u00e9tails de cette observation sont mieux connus et de m\u00e9moire, puisque j'y \u00e9tait, il s'agissait d'exuvies : \u00e0 am\u00e9liorer.\",\"id\":\"9fe630b5-9aa6-4e91-8903-a87d32d2a80e\"},{\"content\":\"L'ensemble de ces donn\u00e9es sont connues avec pr\u00e9cision et concernent toutes des exuvies : \u00e0 am\u00e9liorer.\",\"id\":\"d9335e65-1c2b-424d-a414-6266426b0831\"},{\"content\":\"Plusieurs citations qui paraissent \u00e0 fusionner sous forme d'une m\u00e9tadonn\u00e9e synth\u00e9tique apparaissent dans la base <em>O'donata<\/em> cette ann\u00e9e l\u00e0 et le jeu des d\u00e9doublonnages semble avoir conduit \u00e0 une disparition d'une partie des informations.\",\"id\":\"cb55ed75-f899-477e-bee3-78b9af783a5e\"},{\"content\":\"La donn\u00e9e est impr\u00e9cise et ne signale que la citation d'un sp\u00e9cimen. Par d\u00e9faut il devrait s'agir d'un imago, toutefois une exuvie \\\"reserv\u00e9e\\\" et decouverte \u00e0 une date tardive peut \u00eatre envisag\u00e9e.\",\"id\":\"8921a17d-792b-49b4-a206-29502ff1fda6\"},{\"content\":\"\u2022\u2022\u00a0Ouv\u00e8ze, La Payre, Laveyzon [?], Escoutay.\",\"id\":\"1aba8c49-3a15-438d-899c-2b1a1bfdf9ab\"},{\"content\":\"\u2022\u2022\u00a0Turzon [?], Embroye [?], Largenti\u00e8re [?], Les Aurets [?], Doux, \u2022 La Tuili\u00e8re [?], Ozon [?], L'Ay, La Cance, La Limony [?], Le Batalon [?], La Valencize [?].\",\"id\":\"22adc7af-bc3d-47f4-8874-5a0264df1007\"},{\"content\":\"\u2022\u2022\u2022 Barrage des Collanges, \u2022\u2022 L'Eyrieux amont, La Dorne.\",\"id\":\"538c63ce-6559-421d-9c3d-0c0dbe613be9\"},{\"content\":\"<strong>Notes pour l'am\u00e9lioration des observations<\/strong> : Pr\u00e9ciser et r\u00e9f\u00e9rencer l'observation d'Achille Guen\u00e9e : ann\u00e9es 1860, alors qu'elle est connue avec pr\u00e9cision y compris en termes de localisation (voir article correspondant). La date exacte de la premi\u00e8re mention de Guillaume Aubin (Naturalia Environnement) en 2013 est connue avec pr\u00e9cision. \u2022\u00a0Revoir l'orthographe : Achille Gu\u00e9n\u00e9e.\",\"id\":\"3303226f-2e8b-4bec-a27b-92a5855b1b49\"},{\"content\":\"<strong>Observateurs principaux<\/strong>  : Aubin Guillaume*, Barral Aur\u00e9lie, Bazin Nicolas, Bauvet Corinne, BEED, Bouniol Julien*, Buffet Victoria, Buissart Julien, Caffin Marie-Pierre, Carlet Charlotte, Chapuis Sylvain*, Chauvet Cl\u00e9ment, Cousin Philippe, Coutout Julie*, Cuypers Maartens, Darnaud S\u00e9bastien*, David Lo\u00e9c, Dayde St\u00e9phanie, De Ferri\u00e8re Paul*, De Knegt Bart, De Titta Alexandre,  Delhome Beno\u00e9t*, Deliry Cyrille*, Dumont Gauthier-Alaric*, Falatico Pierre, Faton Jean-Michel, FNE Ain, Flammant Philippe*, Fressinaud Mas de Feix Erwan, Gaillard \u00c9ric*, Gr\u00e8zes Jean-Philippe, Gross Katell, GRPLS, Gu\u00e9n\u00e9e Achille*, Guerbaa Karim, Issartel G\u00e9rard, Jego Valentin*, Juliand Christine, Juliand Pierre*, Kolanek Nathan, Krieg-Jacquier R\u00e9gis*, Ladet Alain, Lootsma Hiele, LPO AuRA, Meynet Dominique, Mounier-Rigaud Chantal, Naturalia Environnement, Nijland Peter, Noally Loup, Noirjean David, OdoRunAlpes*, Oms Hugo, Overweg Julian, Palomares Vincent, Parrain Lisa, Parrain Nicolas,  Pavlik Marin, Pissavin St\u00e9phane, PNR des Monts d'Ard\u00e8che, Prat-Mairet Yves, Ribatto \u00c9douard, Ruiter M., Sanitas Claude*, Schaming Quentin*, Schleicher J\u00f6rg,, Soudane Roger, Tcheng Emmanuel, Thivolle Antoine, Ton Louis, Tourel Jean-S\u00e9bastien, Troost Louis, Vehaar Ren\u00e9, Viallet Melchior. - <strong>Bases sources <\/strong>: Bazin, Bouniol*, Deliry*, Faton, Juliand*, Faune Ard\u00e8che*, Faune AuRA*, Faune France*, GRPLS*, Ladet, Observado, Pissavin, Sfo INVOD - <strong>Les ressources concernant <em>Macromia splendens <\/em>sont mises en \u00e9vidence par le signe <\/strong>\\\"<strong>*<\/strong>\\\" : 122 mentions.\",\"id\":\"21e9da37-4596-442e-9d3f-2f3fbeaeec7c\"}]"},"categories":[314,306,399,361,491,1,341,269,471,312,454,311],"tags":[],"class_list":["post-358","post","type-post","status-publish","format-standard","has-post-thumbnail","hentry","category-ardeche","category-associations-et-structures","category-historiques","category-la-selysienne","category-macromiidae-macromiidae","category-maintenance","category-menaces-environnementales","category-odonates","category-odonates-en-france","category-preservation-et-protection","category-zz-a-completer","category-zz-synchroniser"],"_links":{"self":[{"href":"https:\/\/deliry.com\/index.php?rest_route=\/wp\/v2\/posts\/358","targetHints":{"allow":["GET"]}}],"collection":[{"href":"https:\/\/deliry.com\/index.php?rest_route=\/wp\/v2\/posts"}],"about":[{"href":"https:\/\/deliry.com\/index.php?rest_route=\/wp\/v2\/types\/post"}],"author":[{"embeddable":true,"href":"https:\/\/deliry.com\/index.php?rest_route=\/wp\/v2\/users\/1"}],"replies":[{"embeddable":true,"href":"https:\/\/deliry.com\/index.php?rest_route=%2Fwp%2Fv2%2Fcomments&post=358"}],"version-history":[{"count":32,"href":"https:\/\/deliry.com\/index.php?rest_route=\/wp\/v2\/posts\/358\/revisions"}],"predecessor-version":[{"id":9283,"href":"https:\/\/deliry.com\/index.php?rest_route=\/wp\/v2\/posts\/358\/revisions\/9283"}],"wp:featuredmedia":[{"embeddable":true,"href":"https:\/\/deliry.com\/index.php?rest_route=\/wp\/v2\/media\/368"}],"wp:attachment":[{"href":"https:\/\/deliry.com\/index.php?rest_route=%2Fwp%2Fv2%2Fmedia&parent=358"}],"wp:term":[{"taxonomy":"category","embeddable":true,"href":"https:\/\/deliry.com\/index.php?rest_route=%2Fwp%2Fv2%2Fcategories&post=358"},{"taxonomy":"post_tag","embeddable":true,"href":"https:\/\/deliry.com\/index.php?rest_route=%2Fwp%2Fv2%2Ftags&post=358"}],"curies":[{"name":"wp","href":"https:\/\/api.w.org\/{rel}","templated":true}]}}