{"id":450,"date":"2024-02-16T17:07:30","date_gmt":"2024-02-16T17:07:30","guid":{"rendered":"https:\/\/deliry.com\/?p=450"},"modified":"2026-04-18T16:27:16","modified_gmt":"2026-04-18T16:27:16","slug":"deux-nouvelles-especes-ajoutees-a-la-liste-du-benin-le-16-fevrier-2024","status":"publish","type":"post","link":"https:\/\/deliry.com\/?p=450","title":{"rendered":"Deux nouvelles esp\u00e8ces ajout\u00e9es \u00e0 la liste des Odonates du B\u00e9nin le 16 f\u00e9vrier 2024"},"content":{"rendered":"\n<p class=\"has-text-align-center\">\u2022\u2022\u2022\u00a0<a href=\"https:\/\/odonates.net\/wow\/index.php\/B%C3%A9nin\" target=\"_blank\" rel=\"noreferrer noopener\"><strong>B\u00e9nin<\/strong> (Odonates du Monde)<\/a> \u2022\u2022\u2022<\/p>\n\n\n\n<p>La liste initiale n&rsquo;avait pas \u00e9t\u00e9 remise \u00e0 jour depuis la fondation du site <em>Abr\u00e9g\u00e9 d&rsquo;odonatologie b\u00e9ninoise,<\/em> le 1<sup>er<\/sup> novembre 2022 (Deliry [2022]). Les r\u00e9f\u00e9rentiels suivants sont utilis\u00e9s pour les noms scientifiques (Paulson &amp; al. 2024), la famille phylog\u00e9n\u00e9tique ou officielle (Deliry [2018], [2024]). Une seule nouvelle esp\u00e8ce doit \u00eatre ajout\u00e9e \u00e0 la liste sur la base du r\u00e9cent article de Romera (2024).<\/p>\n\n\n\n<p>Un check up de la liste des esp\u00e8ces observ\u00e9es et pr\u00e9sentant moins de 5 observations a \u00e9t\u00e9 fait le 16 f\u00e9vrier 2024 sur iNaturalist (voir Deliry 2026 (anim.)) et r\u00e9v\u00e8le de nouvelles esp\u00e8ces pour le B\u00e9nin : <em>Gynacantha africana, Lestes pallidus, Orthetrum chrysis<\/em> et <em>Rhyothemis semihyalina<\/em>. La consolidation de ces nouveaux taxon est comment\u00e9e plus bas.<\/p>\n\n\n\n<ul class=\"wp-block-list\">\n<li><em><em>Diplacodes deminuta<\/em><\/em> Lieftinck, 1969 &#8211; Famille des<em> Erythrodiplactidae <\/em>(<em>Libellulidae<\/em>)\n<ul class=\"wp-block-list\">\n<li>Sa d\u00e9couverte au B\u00e9nin a \u00e9t\u00e9 faite en for\u00eat inond\u00e9e d&rsquo;Hlanzoun (ou Lokoli) et publi\u00e9e par Romera (2024). Si on se r\u00e9f\u00e8re au site de l&rsquo;ADDO (Dijkstra : [16 f\u00e9vrier 2024]), l&rsquo;esp\u00e8ce est pr\u00e9sente \u00e0 la fois dans le centre et centre sud de l&rsquo;Afrique de mani\u00e8re \u00e9parse, ainsi qu&rsquo;apr\u00e8s un hiatus au-del\u00e0 du Nig\u00e9ria en extr\u00eame ouest du continent. Cette citation au B\u00e9nin indique que cette lacune g\u00e9ographique pourrait \u00eatre compl\u00e9t\u00e9e.<\/li>\n<\/ul>\n<\/li>\n<\/ul>\n\n\n\n<p>Deux lots de photographies de <em>Gynacantha africana <\/em>sont disponibles du iNaturalist (<em>op. cit.<\/em>) et sont accompagn\u00e9es de photographies r\u00e9alis\u00e9es par deux naturalistes le m\u00eame jour (9 janvier 2023). Elles semblent concerner une m\u00eame femelle. Elle para\u00eet assez jeune. <em>Lestes pallidus <\/em>est l&rsquo;objet d&rsquo;une photographie sur le m\u00eame portail de saisie des donn\u00e9es. Il s&rsquo;agit d&rsquo;une femelle vue le 28 avril 2023 dans l&rsquo;Atakora. La mention d&rsquo;<em>Orthetrum chrysis, <\/em>une esp\u00e8ce th\u00e9oriquement facile \u00e0 d\u00e9terminer n&rsquo;est pas accompagn\u00e9e d&rsquo;illustration. Elle concerne un individu propos\u00e9, sans autre commentaire, du secteur de Cotonou le 24 d\u00e9cembre 2020. La citation de <em>Rhyothemis semihyalina <\/em>est accompagn\u00e9e d&rsquo;une photographie d&rsquo;une femelle sombre prise le 1<sup>er<\/sup> juin 2022 dans le nord-ouest du B\u00e9nin sur Materi par l'[ONG Oebenin]. Valid\u00e9e par plusieurs naturalistes connaissant bien cette esp\u00e8ce, cette donn\u00e9e ajoute une nouvelle esp\u00e8ce \u00e0 l&rsquo;odonatofaune du B\u00e9nin.<\/p>\n\n\n\n<ul class=\"wp-block-list\">\n<li><em><em>Rhyothemis semihyalina<\/em><\/em> (Desjardin <em>in<\/em> Audouin, 1835) &#8211; Famille des <em>Rhyothemistidae <\/em>(<em>Libellulidae<\/em>)\n<ul class=\"wp-block-list\">\n<li>Voir commentaires ci-dessus.<\/li>\n<\/ul>\n<\/li>\n<\/ul>\n\n\n<div class=\"wp-block-image\">\n<figure class=\"aligncenter size-large is-resized\"><a href=\"https:\/\/deliry.com\/wp-content\/uploads\/2025\/04\/original-2-1536x1152-1.jpeg\"><img loading=\"lazy\" decoding=\"async\" width=\"1024\" height=\"768\" src=\"https:\/\/deliry.com\/wp-content\/uploads\/2025\/04\/original-2-1536x1152-1-1024x768.jpeg\" alt=\"\" class=\"wp-image-453\" style=\"width:640px\" srcset=\"https:\/\/deliry.com\/wp-content\/uploads\/2025\/04\/original-2-1536x1152-1-1024x768.jpeg 1024w, https:\/\/deliry.com\/wp-content\/uploads\/2025\/04\/original-2-1536x1152-1-300x225.jpeg 300w, https:\/\/deliry.com\/wp-content\/uploads\/2025\/04\/original-2-1536x1152-1-768x576.jpeg 768w, https:\/\/deliry.com\/wp-content\/uploads\/2025\/04\/original-2-1536x1152-1.jpeg 1536w\" sizes=\"auto, (max-width: 1024px) 100vw, 1024px\" \/><\/a><figcaption class=\"wp-element-caption\"><em>Rhyothemis semihyalina <\/em>&#8211; Que je d\u00e9termine comme une femelle (<em>com. pers.<\/em>)<br><sup>\u00a9\u00a9 bync &#8211; [ONG OeBenin] &#8211; Nord-ouest du B\u00e9nin, vers Materi le 1er juin 2022 &#8211; <a href=\"https:\/\/www.inaturalist.org\/photos\/220445163\" target=\"_blank\" rel=\"noreferrer noopener\">iNaturalist<\/a> <em>\u279a<\/em><\/sup><\/figcaption><\/figure>\n<\/div>\n\n\n<ul class=\"wp-block-list has-very-light-gray-to-cyan-bluish-gray-gradient-background has-background\">\n<li><strong>Deliry C. 2018&nbsp;<\/strong>\u2013&nbsp;<em>Essai de classification phylog\u00e9n\u00e9tique des Odonates.<\/em>&nbsp;\u2013 Histoires Naturelles n\u00b056. \u2013&nbsp;<a href=\"https:\/\/deliry.com\/pdf\/hn56.pdf\" target=\"_blank\" rel=\"noreferrer noopener\">PDF<\/a><\/li>\n\n\n\n<li><strong>Deliry C. [2022]<\/strong>&nbsp;&#8211;&nbsp;<em>Abr\u00e9g\u00e9 d\u2019odonatologie b\u00e9ninoise. Compendium of Beninese Odonatology<\/em>. \u2013 Histoires Naturelles, odonates.net\/benin, site Internet fond\u00e9 le 1er novembre 2022 (archiv\u00e9 en 2025).<\/li>\n\n\n\n<li><strong>Deliry C. [2024]&nbsp;<\/strong>\u2013&nbsp;<em>Classification phylog\u00e9n\u00e9tique progressive des Odonates.&nbsp;<\/em>\u2013<em>&nbsp;world Odonata web, Odonates du Monde&nbsp;<\/em>(premi\u00e8re mise en ligne en 2004). \u2013&nbsp;ONLINE<\/li>\n\n\n\n<li><strong>Deliry C. 2026 (anim.)&nbsp;<\/strong>\u2013&nbsp;<em>Demoiselles et Libellules du B\u00e9nin. Portail iNaturalist.<\/em>&nbsp;\u2013 iNaturalist, portail automatis\u00e9 cr\u00e9\u00e9 le 29 d\u00e9cembre 2021. &#8211;&nbsp;<a href=\"https:\/\/www.inaturalist.org\/projects\/demoiselles-et-libellules-du-benin\" target=\"_blank\" rel=\"noreferrer noopener\">ONLINE<\/a><\/li>\n\n\n\n<li><strong>Dijkstra K.D. (ed.) [2016]<\/strong> &#8211; <em>African Dragonflies and Damselflies Online.<\/em> &#8211; Premi\u00e8re mise en ligne en 2016 (obsol\u00e8te).<\/li>\n\n\n\n<li><strong>Paulson D., Schorr M. &amp; Deliry C. (coord.)&nbsp;2024<\/strong>&nbsp;\u2013&nbsp;<em>World Odonata List.<\/em>&nbsp;\u2013 Slater MNH, Univ. Puget Sound, premi\u00e8re mise en ligne en 2000 (Schorr &amp; al. 2000).<\/li>\n\n\n\n<li><strong>Romera V. 2024<\/strong><sup data-fn=\"24c2b9ed-bce1-4329-8435-c95ebd124090\" class=\"fn\"><a href=\"#24c2b9ed-bce1-4329-8435-c95ebd124090\" id=\"24c2b9ed-bce1-4329-8435-c95ebd124090-link\">1<\/a><\/sup>&nbsp;\u2013 Odonata&nbsp;<em>of the Hlanzoun (Lokoli) swamp forest in Benin: updated checklist, new records and conservation concerns.<\/em>&nbsp;\u2013 International Dragonfly Fund \u2013 Report n\u00b0185.<\/li>\n<\/ul>\n\n\n\n<hr class=\"wp-block-separator has-alpha-channel-opacity is-style-wide\"\/>\n\n\n<ol class=\"wp-block-footnotes\"><li id=\"24c2b9ed-bce1-4329-8435-c95ebd124090\">Romera (2024) pr\u00e9sente d\u2019autres esp\u00e8ces nouvelles pour le B\u00e9nin, et qui n\u2019ont en g\u00e9n\u00e9ral pas \u00e9t\u00e9 publi\u00e9es, mais que j\u2019avais initialement plac\u00e9es dans ces pages, notamment sur les listes initiales de ces documents mis \u00e0 disposition en ligne (Deliry 2022). <a href=\"#24c2b9ed-bce1-4329-8435-c95ebd124090-link\" aria-label=\"Aller \u00e0 la note de bas de page 1\">\u21a9\ufe0e<\/a><\/li><\/ol>","protected":false},"excerpt":{"rendered":"<p>\u2022\u2022\u2022\u00a0B\u00e9nin (Odonates du Monde) \u2022\u2022\u2022 La liste initiale n&rsquo;avait pas \u00e9t\u00e9 remise \u00e0 jour depuis la fondation du site Abr\u00e9g\u00e9 d&rsquo;odonatologie b\u00e9ninoise, le 1er novembre &hellip; <\/p>\n","protected":false},"author":1,"featured_media":455,"comment_status":"closed","ping_status":"closed","sticky":false,"template":"","format":"standard","meta":{"footnotes":"[{\"content\":\"Romera (2024) pr\u00e9sente d\u2019autres esp\u00e8ces nouvelles pour le B\u00e9nin, et qui n\u2019ont en g\u00e9n\u00e9ral pas \u00e9t\u00e9 publi\u00e9es, mais que j\u2019avais initialement plac\u00e9es dans ces pages, notamment sur les listes initiales de ces documents mis \u00e0 disposition en ligne (Deliry 2022).\",\"id\":\"24c2b9ed-bce1-4329-8435-c95ebd124090\"}]"},"categories":[415,493,1,269,494,283,311],"tags":[],"class_list":["post-450","post","type-post","status-publish","format-standard","has-post-thumbnail","hentry","category-benin","category-erythrodiplactidae-libellulidae","category-maintenance","category-odonates","category-rhyothemistidae-libellulidae","category-bibliographie-2","category-zz-synchroniser"],"_links":{"self":[{"href":"https:\/\/deliry.com\/index.php?rest_route=\/wp\/v2\/posts\/450","targetHints":{"allow":["GET"]}}],"collection":[{"href":"https:\/\/deliry.com\/index.php?rest_route=\/wp\/v2\/posts"}],"about":[{"href":"https:\/\/deliry.com\/index.php?rest_route=\/wp\/v2\/types\/post"}],"author":[{"embeddable":true,"href":"https:\/\/deliry.com\/index.php?rest_route=\/wp\/v2\/users\/1"}],"replies":[{"embeddable":true,"href":"https:\/\/deliry.com\/index.php?rest_route=%2Fwp%2Fv2%2Fcomments&post=450"}],"version-history":[{"count":10,"href":"https:\/\/deliry.com\/index.php?rest_route=\/wp\/v2\/posts\/450\/revisions"}],"predecessor-version":[{"id":11470,"href":"https:\/\/deliry.com\/index.php?rest_route=\/wp\/v2\/posts\/450\/revisions\/11470"}],"wp:featuredmedia":[{"embeddable":true,"href":"https:\/\/deliry.com\/index.php?rest_route=\/wp\/v2\/media\/455"}],"wp:attachment":[{"href":"https:\/\/deliry.com\/index.php?rest_route=%2Fwp%2Fv2%2Fmedia&parent=450"}],"wp:term":[{"taxonomy":"category","embeddable":true,"href":"https:\/\/deliry.com\/index.php?rest_route=%2Fwp%2Fv2%2Fcategories&post=450"},{"taxonomy":"post_tag","embeddable":true,"href":"https:\/\/deliry.com\/index.php?rest_route=%2Fwp%2Fv2%2Ftags&post=450"}],"curies":[{"name":"wp","href":"https:\/\/api.w.org\/{rel}","templated":true}]}}