{"id":476,"date":"2022-12-25T17:34:00","date_gmt":"2022-12-25T17:34:00","guid":{"rendered":"https:\/\/deliry.com\/?p=476"},"modified":"2026-04-13T15:13:41","modified_gmt":"2026-04-13T15:13:41","slug":"la-deesse-precieuse-na-pas-ete-revue-en-france-depuis-2019","status":"publish","type":"post","link":"https:\/\/deliry.com\/?p=476","title":{"rendered":"La D\u00e9esse pr\u00e9cieuse n\u2019a pas \u00e9t\u00e9 revue en France depuis 2019"},"content":{"rendered":"\n<p>La&nbsp;<strong>D\u00e9esse pr\u00e9cieuse (<em>Nehalennia speciosa<\/em>)<\/strong>&nbsp;\u00e9tait l\u2019esp\u00e8ce de Libellule indig\u00e8ne la plus rare de France. Cette petite Libellule de la famille des Co\u00e9nagrionid\u00e9s avait \u00e9t\u00e9 signal\u00e9e par un naturaliste savoyard, Jean-Baptiste Bailly \u00e0 Edmond de Selys Longchamps qui en a rapport\u00e9 l\u2019information dans le cadre d\u2019un compte-rendu de sortie faite en Belgique (de Selys Longchamps 1874). Cet auteur dit l\u2019avoir re\u00e7ue de Savoie transmis par Jean-Baptiste Bailly (de Chamb\u00e9ry). Il confirme la mention en 1876 en disant qu\u2019elle est connue de Savoie, des environs de Chamb\u00e9ry (de Selys Longchamps 1876). On d\u00e9couvrira par ailleurs dans l\u2019article de Grand (1990) qu\u2019un individu se trouve dans les collections \u00ab&nbsp;r\u00e9gionales&nbsp;\u00bb d\u2019Eug\u00e8ne Foudras. Il provient probablement de Savoie car Foudras y effectuait des chasses, mais l\u00e0 encore on ne sait pas grand chose. Nous avons la preuve que l\u2019esp\u00e8ce existait encore au XIXe si\u00e8cle dans la r\u00e9gion et probablement sur les pi\u00e9monts alpins et vraisemblablement vers la r\u00e9gion de Chamb\u00e9ry. Martin (1931) dit qu\u2019elle est assez commune en juin en Savoie, mais nous n\u2019avons aucun \u00e9l\u00e9ment permettant d\u2019\u00e9tayer cette information qui semble issue de la r\u00e9p\u00e9tition d\u00e9form\u00e9e d\u2019\u00e9l\u00e9ments provenant des auteurs ant\u00e9rieurs. De toute \u00e9vidence, il s\u2019agit d\u2019une interpr\u00e9tation et rien ne vient la confirmer.<\/p>\n\n\n<div class=\"wp-block-image\">\n<figure class=\"aligncenter size-full is-resized\"><a href=\"https:\/\/deliry.com\/wp-content\/uploads\/2025\/04\/Selys1874nehspe-1024x578-1.jpg\"><img loading=\"lazy\" decoding=\"async\" width=\"1024\" height=\"578\" src=\"https:\/\/deliry.com\/wp-content\/uploads\/2025\/04\/Selys1874nehspe-1024x578-1.jpg\" alt=\"\" class=\"wp-image-479\" style=\"width:400px\" srcset=\"https:\/\/deliry.com\/wp-content\/uploads\/2025\/04\/Selys1874nehspe-1024x578-1.jpg 1024w, https:\/\/deliry.com\/wp-content\/uploads\/2025\/04\/Selys1874nehspe-1024x578-1-300x169.jpg 300w, https:\/\/deliry.com\/wp-content\/uploads\/2025\/04\/Selys1874nehspe-1024x578-1-768x434.jpg 768w\" sizes=\"auto, (max-width: 1024px) 100vw, 1024px\" \/><\/a><figcaption class=\"wp-element-caption\">Extrait de l\u2019article de 1874 r\u00e9dig\u00e9 par de Selys Longchamps<\/figcaption><\/figure>\n<\/div>\n\n\n<p><strong>Dommanget (1987)<\/strong>&nbsp;pr\u00e9cise que l\u2019esp\u00e8ce n\u2019est connue que par une ancienne citation de Savoie (sans la pr\u00e9ciser) et la place en Liste rouge (cat\u00e9gorie 1\/10 \u2013 \u00ab&nbsp;Citations anciennes non confirm\u00e9es r\u00e9cemment&nbsp;\u00bb.). Nous n\u2019avons pas encore analys\u00e9 les r\u00e9f\u00e9rences mise en jeu dans le travail de Dommanget (1987) et quelques unes sont \u00e0 examiner.<\/p>\n\n\n\n<p>J\u2019ai rassembl\u00e9 les quelques \u00e9l\u00e9ments qu\u2019il \u00e9tait possible \u00e0 l\u2019\u00e9poque dans une synth\u00e8se sur les Odonates de Savoie et Haute-Savoie (Deliry 1987) pr\u00e9cisant que&nbsp;<em><strong>la seule citation fran\u00e7aise \u00e9tait une donn\u00e9e savoyarde (s.l.)<\/strong><\/em>. Je proposais d\u2019ores et d\u00e9j\u00e0 de la rechercher sur quelques sites qui me semblaient favorables : plateau d\u2019Evire, Bauges, Albanais\u2026 pour ce dernier secteur je pensais notamment que le nord de l\u2019\u00e9tang de Beaumont pr\u00e9sentaient alors des caract\u00e9ristiques compatibles avec l\u2019habitat de cette esp\u00e8ce (voir aussi Deliry 1997). J\u2019en ai discut\u00e9 avec quelques coll\u00e8gues de Suisse, qui venaient confirmer mon avis. Je disais qu\u2019il faudrait&nbsp;<em>rechercher l\u2019esp\u00e8ce sur des \u00e9tangs permanents de moyenne altitude dont la v\u00e9g\u00e9tation aquatique clairsem\u00e9e se trouve \u00e0 faible profondeur mais jamais \u00e0 sec<\/em>&nbsp;(notamment selon Alain Maibach,&nbsp;<em>com. or.&nbsp;<\/em>et d\u2019apr\u00e8s les habitats connus en Suisse) (Deliry 1991, 1997). Dans le premier volet de l\u2019Atlas r\u00e9gional, limit\u00e9 aux esp\u00e8ces menac\u00e9es des trois d\u00e9partements du nord des Alpes fran\u00e7aise (Deliry 1997), nous envisagions sa pr\u00e9sence possible en Is\u00e8re et le statut en Liste rouge le plus critique (cat\u00e9gorie 1\/10 \u2013 voir plus haut) est propos\u00e9 pour la Savoie et la Haute-Savoie. Je pr\u00e9cisais alors les connaissances dont nous disposions :&nbsp;<em>Des informations anciennes de Martin (1931), reprises par Chopard (1948) donnent l\u2019esp\u00e8ce \u00ab&nbsp;assez commune en Savoie, en juin-juillet, sur les \u00e9tangs&nbsp;\u00bb<\/em>, pr\u00e9cisant notre \u00e9tonnement \u00e0 ne pas retrouver cette esp\u00e8ce et envisagions une erreur d\u2019interpr\u00e9tation faites par les auteurs. Des recherches sp\u00e9cifiques avaient \u00e9t\u00e9 men\u00e9es dans les ann\u00e9es 1980 et 1990, notamment sur le Marais de Beaumont dans l\u2019Albanais par Bernard Bal et Cyrille Deliry. et il convient de savoir par ailleurs que ni la crise de la Biodiversit\u00e9, ni les probl\u00e8mes climatiques n\u2019\u00e9taient encore clairement affich\u00e9s et du moins, ils \u00e9taient pas inscrits clairement dans nos esprits de jeunes naturalistes. Nous \u00e9tions donc tout \u00e0 fait optimistes quant aux possibilit\u00e9s de sa d\u00e9couverte sur les d\u00e9partements savoyards.<\/p>\n\n\n<div class=\"wp-block-image\">\n<figure class=\"alignright size-full is-resized\"><a href=\"https:\/\/deliry.com\/wp-content\/uploads\/2025\/04\/215876-2.jpg\"><img loading=\"lazy\" decoding=\"async\" width=\"800\" height=\"533\" src=\"https:\/\/deliry.com\/wp-content\/uploads\/2025\/04\/215876-2.jpg\" alt=\"\" class=\"wp-image-480\" style=\"width:330px\" srcset=\"https:\/\/deliry.com\/wp-content\/uploads\/2025\/04\/215876-2.jpg 800w, https:\/\/deliry.com\/wp-content\/uploads\/2025\/04\/215876-2-300x200.jpg 300w, https:\/\/deliry.com\/wp-content\/uploads\/2025\/04\/215876-2-768x512.jpg 768w, https:\/\/deliry.com\/wp-content\/uploads\/2025\/04\/215876-2-700x465.jpg 700w\" sizes=\"auto, (max-width: 800px) 100vw, 800px\" \/><\/a><figcaption class=\"wp-element-caption\">\u00a9\u00a9 byncsa \u2013 M.Lohr \u2013 TaxRef<\/figcaption><\/figure>\n<\/div>\n\n\n<p>L\u2019esp\u00e8ce est finalement&nbsp;<strong>d\u00e9couverte en 2009 sur une petite tourbi\u00e8re du d\u00e9partement du Jura<\/strong>, tenue secr\u00e8te, afin de la pr\u00e9server des curieux et \u00e9viter l\u2019alt\u00e9ration de l\u2019habitat qui est tr\u00e8s fragile (Dehondt &amp; al. 2010). La biologie de la population locale a \u00e9t\u00e9 \u00e9tudi\u00e9e notamment en termes de d\u00e9veloppement des larves et de reproduction (Doucet &amp; Jacquot 2012). Quelques naturalistes ont partag\u00e9 la confidence et ont pu r\u00e9aliser&nbsp;<em>in situ&nbsp;<\/em>quelques photographies \u00ab&nbsp;uniques&nbsp;\u00bb de l\u2019esp\u00e8ce (D.Grand<sup data-fn=\"44e03827-db1c-4920-936b-ef3da9d55b49\" class=\"fn\"><a href=\"#44e03827-db1c-4920-936b-ef3da9d55b49\" id=\"44e03827-db1c-4920-936b-ef3da9d55b49-link\">1<\/a><\/sup>, R.Krieg-Jacquier, Guillaume Doucet\u2026). Il s\u2019agit alors de l\u2019unique population fran\u00e7aise de D\u00e9esse pr\u00e9cieuse et les recherches men\u00e9es sur les stations favorables du d\u00e9partement, ainsi que dans le nord du d\u00e9partement de l\u2019Ain, se sont av\u00e9r\u00e9es veines. Celles faites par ailleurs en Savoie ne sont pas plus productives. La courte p\u00e9riode de vol, centr\u00e9e sur le mois de juin et la tr\u00e8s bonne capacit\u00e9 de cette esp\u00e8ce \u00e0 se cacher dans son habitat ne viennent pas faciliter son rep\u00e9rage et le constat d\u2019absence reste toujours difficile \u00e0 \u00e9tablir. Elle est consid\u00e9r\u00e9e comme \u00e9teinte (RE) dans la r\u00e9gion Rh\u00f4ne-Alpes et ceci est confirm\u00e9 apr\u00e8s chaque session de recherches sp\u00e9cifiques (Deliry 1997, 2006, 2008, etc., Deliry &amp; al. 2014). Les derni\u00e8res prospections men\u00e9es sp\u00e9cialement en Savoie ont \u00e9t\u00e9 r\u00e9alis\u00e9es notamment par Philippe Freydier et encourag\u00e9es par la d\u00e9couverte de l\u2019esp\u00e8ce dans le Jura. Il faudrait que je consulte mes notes pour savoir si elles se sont poursuivies sur plusieurs ann\u00e9es.<\/p>\n\n\n\n<p><strong>Les outils pour sa pr\u00e9servation sont mis en \u0153uvre<\/strong>&nbsp;d\u2019abord par son inscription sur la Plan National d\u2019Actions en faveur des Odonates (2010-2015 puis 2020-2030). Elle est inscrite sur la liste rouge nationale au niveau le plus critique (CR) (UICN France &amp; al. 2016)<sup data-fn=\"54926ed4-9325-4df0-8a26-98ae22b513f7\" class=\"fn\"><a href=\"#54926ed4-9325-4df0-8a26-98ae22b513f7\" id=\"54926ed4-9325-4df0-8a26-98ae22b513f7-link\">2<\/a><\/sup> qui pr\u00e9cise que l\u2019unique station connue en France est menac\u00e9e par le pi\u00e9tinement (visiteurs) et l\u2019ass\u00e8chement du site et le r\u00e9chauffement climatique. Il s\u2019agit de la seule esp\u00e8ce d\u2019Odonates de France marqu\u00e9e par ce haut niveau de menace, trois sont class\u00e9e en danger (EN) et sept vuln\u00e9rables (VU) et nous avons rassembl\u00e9 quelques premi\u00e8res informations sous forme de synth\u00e8se r\u00e9cemment (Deliry 2022). A aucun moment, que ce soit dans le cadre de la r\u00e9daction du nouveau Plan National (Houard 2020) ou m\u00eame dans le cadre de notre tr\u00e8s r\u00e9cente synth\u00e8se (Deliry 2022) nous avons imagin\u00e9 que la situation de la population connue comme p\u00e9renne dans le Jura s\u2019\u00e9tait probablement \u00e9teinte. M\u00eame l\u2019Atlas dynamique des Odonates de France r\u00e9cemment mis en ligne, parle d\u2019une esp\u00e8ce \u00e9tablie, mais la fiche de l\u2019esp\u00e8ce n\u2019est pas r\u00e9ellement r\u00e9dig\u00e9e pour l\u2019instant ! Le Plan National (Houard 2020) pr\u00e9cise que les tendances des populations en France sont inconnues et invite \u00e0 mettre en place des comptages annuels, \u00e0 \u00e9valuer la qualit\u00e9 de l\u2019habitat \u00e0 l\u2019\u00e9chelle r\u00e9gionale, \u00e0 \u00e9tudier les param\u00e8tres qui influences la dynamique locale de la population ainsi que les habitats disponibles dans le rayon de sa dispersion potentielle. En termes de menaces il est pr\u00e9conis\u00e9 dans le Plan National (<em>op. cit.<\/em>) de surveiller de mani\u00e8re globale celles qui concernent les tourbi\u00e8res : drainage, enr\u00e9sinement, fermeture spontan\u00e9e de l\u2019habitat, surp\u00e2turage, apports d\u2019eaux pollu\u00e9es. L\u2019impact des changements climatique est rappel\u00e9 (voir Liste Rouge de 2016) comme \u00e9tant critique en termes de s\u00e9cheresse, canicule ou surexploitation des r\u00e9serves en eau. Enfin en termes de gestion il est demand\u00e9 la protection fonci\u00e8re du site (acquisition conservatoire) et r\u00e9glementaire (APPB, R\u00e9serve Naturelle\u2026) tout en maintenant des faci\u00e8s ouverts par des interventions de type extensif.<\/p>\n\n\n\n<p>C\u2019est par une&nbsp;<strong>tribune parue dans&nbsp;<em>Le Monde&nbsp;<\/em>du 21 d\u00e9cembre 2022<\/strong>, que l\u2019extinction de l\u2019esp\u00e8ce est rapport\u00e9e (Dehondt 2022). M\u00eame si quelques lueurs d\u2019espoir sont affich\u00e9es, il n\u2019est gu\u00e8re probable que l\u2019esp\u00e8ce ait surv\u00e9cu&nbsp;<em>in situ&nbsp;<\/em>\u00e0 un ass\u00e8chement de la tourbi\u00e8re en 2019, suivi d\u2019absence logique d\u2019\u00e9mergences en 2020 et si l\u2019eau est bien revenue en abondance en 2021, il n\u2019y a pas eu d\u2019imagos rep\u00e9r\u00e9s, comme on pouvait s\u2019y attendre, en 2022, nouvelle ann\u00e9e de s\u00e9cheresse. Ce soir du 25 d\u00e9cembre 2022, vers 16h00, le site Internet du&nbsp;<em>Monde&nbsp;<\/em>sort par la m\u00eame requ\u00eate et reprend la tribune et&nbsp;<a href=\"https:\/\/www.lemonde.fr\/sciences\/article\/2022\/12\/25\/une-deesse-libellule-a-disparu-de-sa-tourbiere_6155662_1650684.html\">la met en ligne<\/a>&nbsp;en ajustant le titre original :&nbsp;<em>Une d\u00e9esse libellule a disparu de sa tourbi\u00e8re<\/em>. Dans l\u2019esprit, l\u2019esp\u00e8ce n\u2019est pas officiellement \u00e9teinte\u2026 toutefois il appara\u00eet clair que sa seule station connue s\u2019est ass\u00e9ch\u00e9e de mani\u00e8re critique, selon les informations disponibles, au moins en 2019 et 2022.<\/p>\n\n\n<div class=\"wp-block-image\">\n<figure class=\"aligncenter size-full is-resized\"><a href=\"https:\/\/deliry.com\/wp-content\/uploads\/2025\/04\/LeMondeNehSpe-1024x724-1-1.jpg\"><img loading=\"lazy\" decoding=\"async\" width=\"835\" height=\"720\" src=\"https:\/\/deliry.com\/wp-content\/uploads\/2025\/04\/LeMondeNehSpe-1024x724-1-1.jpg\" alt=\"\" class=\"wp-image-481\" style=\"width:640px\" srcset=\"https:\/\/deliry.com\/wp-content\/uploads\/2025\/04\/LeMondeNehSpe-1024x724-1-1.jpg 835w, https:\/\/deliry.com\/wp-content\/uploads\/2025\/04\/LeMondeNehSpe-1024x724-1-1-300x259.jpg 300w, https:\/\/deliry.com\/wp-content\/uploads\/2025\/04\/LeMondeNehSpe-1024x724-1-1-768x662.jpg 768w\" sizes=\"auto, (max-width: 835px) 100vw, 835px\" \/><\/a><figcaption class=\"wp-element-caption\">Copie d\u2019\u00e9cran \u2013&nbsp;<em>Le Monde&nbsp;<\/em>\u2013 25 d\u00e9cembre 2022 \u00e0 16h00<\/figcaption><\/figure>\n<\/div>\n\n\n<p>Les questions se poursuivent sur&nbsp;<strong>FaceBook<\/strong>, suite \u00e0 cette r\u00e9v\u00e9lation. On apprend notamment que le creusement de mares plus profondes avait \u00e9t\u00e9 pr\u00e9conis\u00e9es par Fr\u00e9d\u00e9ric Mora, que la gestion hydraulique du site est consid\u00e9r\u00e9e comme bonne et de pr\u00e9ciser qui n\u2019est pas possible de pr\u00e9voir l\u2019impr\u00e9visible. Faute de localisation connue, il est difficile de savoir quelles actions du Life Tourbi\u00e8res du Jura (<a rel=\"noreferrer noopener\" href=\"http:\/\/www.life-tourbieres-jura.fr\/images-travaux-page.html\" target=\"_blank\">en ligne<\/a>)\u2026 mais le peu d\u2019informations qui sont pass\u00e9es semblent indiquer peu de choses ont \u00e9t\u00e9 faites pour g\u00e9rer ce site dont l\u2019unicit\u00e9 \u00e9tait celle de la pr\u00e9sence de la D\u00e9esse pr\u00e9cieuse en France et les rares conseils donn\u00e9s n\u2019ont pas \u00e9t\u00e9 \u00e9cout\u00e9s. Le dossier r\u00e9el sera probablement r\u00e9v\u00e9l\u00e9 \u00e0 la communaut\u00e9 odonatologique, un jour ou l\u2019autre.<\/p>\n\n\n\n<p>Il convient en premi\u00e8re conclusion de dire que bien que les alertes et les outils utiles \u00e0 la conservation de cette station unique \u00e9taient disponibles (secret du site, suivi local continu, Plan National, Liste rouge nationale, Life Tourbi\u00e8res) aucune solution claire ne semble avoir \u00e9t\u00e9 pr\u00e9par\u00e9e contre un ass\u00e8chement pourtant tout \u00e0 fait pr\u00e9visible, voire annonc\u00e9, de l\u2019habitat concern\u00e9. Sans eau, pas de d\u00e9veloppement larvaire, il est rapidement \u00e9vident que la D\u00e9esse pr\u00e9cieuse dont le cycle est boucl\u00e9 en une seule ann\u00e9e n\u2019a pu survivre sur le dit site. Si la disparition de l\u2019esp\u00e8ce n\u2019est ici que relativement anecdotique (c\u2019est simplement une perte pour la France d\u2019une esp\u00e8ce connue sur une seule station), cette Libellule ayant toujours d\u2019importantes populations viables dans le nord de son aire de r\u00e9partition comme par exemple en Pologne ou en Scandinavie, elle est r\u00e9v\u00e9latrice de la n\u00e9cessit\u00e9 d\u2019anticipation au sujet des ph\u00e9nom\u00e8nes climatiques critiques et d\u00e9sormais r\u00e9p\u00e9t\u00e9s que nous subissons. Ici le creusement de mares profondes suppl\u00e9mentaires auraient pu suffire comme refuge possible pour les larves qui se sont retrouv\u00e9es exond\u00e9es et m\u00eame le contexte pouvait m\u00e9riter une d\u00e9marche interventionniste certes, comme l\u2019apport de quelques citernes d\u2019eau par exemple. Les lenteurs de l\u2019administration, les n\u00e9cessit\u00e9s d\u2019autorisations, la lourdeur des prises de d\u00e9cisions, les h\u00e9sitations\u2026 apparaissent comme particuli\u00e8rement nocives \u00e0 une conservation efficace de la Biodiversit\u00e9. Cet exemple symbolise les d\u00e9fauts du fonctionnement de notre Soci\u00e9t\u00e9 en ce qui concerne la conservation de la Nature, le fait que nos tourbi\u00e8res d\u2019altitude sont menac\u00e9es par les al\u00e9as r\u00e9cents du climat (nous le v\u00e9rifions dans tous nos massifs) et la n\u00e9cessit\u00e9 de penser de mani\u00e8re novatrice et inventive si nous souhaitons obtenir quelques r\u00e9sultats.&nbsp;<strong>Il s\u2019agit tirer les enseignements de ce contexte&nbsp;<\/strong>selon Jean-Michel Faton (<em>com.<\/em>). J\u2019\u00e9crivais il y a quelques jours quelques lignes sur les Odonates de mon d\u00e9partement (<em>Les Libellules des Deux-S\u00e8vres se meurent, la faute \u00e0 pas d\u2019eau<\/em>) bien plus inqui\u00e9tantes. Ici, m\u00eame des esp\u00e8ces aussi banales que les&nbsp;<em>Calopteryx&nbsp;<\/em>n\u2019ont pas r\u00e9ussi \u00e0 se reproduire ces derni\u00e8res ann\u00e9es sur de tr\u00e8s nombreux sites. La fin de presque toutes Libellules est comme annonc\u00e9e en bien des endroits et nos esp\u00e8ces devront \u00eatre remplac\u00e9es par des Odonates dont la biologie diff\u00e8re, si nous souhaitons continuer \u00e0 voir ces beaux insectes.<\/p>\n\n\n\n<p class=\"has-text-align-right\">Cyrille Deliry \u2013 Niort le 25 d\u00e9cembre 2022<\/p>\n\n\n\n<h4 class=\"wp-block-heading\">R\u00e9f\u00e9rences cit\u00e9es<\/h4>\n\n\n\n<ul class=\"wp-block-list\">\n<li><strong>Chopard L. 1948<\/strong>&nbsp;\u2013&nbsp;<em>Atlas des Libellules de France, Belgique, Suisse.<\/em>&nbsp;\u2013 Boub\u00e9e, Paris.<\/li>\n\n\n\n<li><strong>de Selys Longchamps E. 1874<\/strong>&nbsp;\u2013 Note sur une excursion \u00e0 Maeseyck, faite le 20 et le 21 juin 1874. \u2013&nbsp;<em>Annales de la Soci\u00e9t\u00e9 Entomologique de Belgique,<\/em>&nbsp;17.<\/li>\n\n\n\n<li><strong>de Selys Longchamps E. 1876<\/strong>&nbsp;\u2013 Synopsis des Agrionines (suite de la 5eme L\u00e9gion&nbsp;:&nbsp;<em>Agrion<\/em>). Le grand genre&nbsp;<em>Agrion<\/em>. \u2013&nbsp;<em>Bulletin de l\u2019Acad\u00e9mie royale des Sciences de Belgique,<\/em>&nbsp;41&nbsp;: 247-322 + 496-539 + 1233-1309. \u2013&nbsp;<a href=\"https:\/\/biodiversitylibrary.org\/page\/5699375\" target=\"_blank\" rel=\"noreferrer noopener\">ONLINE<\/a><\/li>\n\n\n\n<li><strong>Dehondt F. 2022<\/strong>&nbsp;\u2013 Une libellule a disparu de sa tourbi\u00e8re. \u2013&nbsp;<em>Le Monde, Sciences et M\u00e9decine,<\/em>&nbsp;21 d\u00e9cembre 2022.<\/li>\n\n\n\n<li><strong>Dehondt F., Morat F. &amp; Ferrez Y. 2010<\/strong>&nbsp;\u2013 Red\u00e9couverte en France de&nbsp;<em>Nehalennia speciosa<\/em>&nbsp;(Charpentier, 1840) (Odonata, Zygoptera : Coenagrionidae). \u2013&nbsp;<em>Martinia,&nbsp;<\/em>26 (1\/2) : 3-8. \u2013&nbsp;<a href=\"http:\/\/odonates.pnaopie.fr\/wp-content\/uploads\/2010\/11\/DEHONDT-et-al-2010-Red%C3%A9couverte-en-France-de-Nehalennia-speciosa.pdf\" target=\"_blank\" rel=\"noreferrer noopener\">PDF LINK<\/a><\/li>\n\n\n\n<li><strong>Deliry C. 1987&nbsp;<\/strong>\u2013 Bilan et perspectives des observations d\u2019Odonates en Savoie et Haute-Savoie. \u2013&nbsp;<em>Sympetrum,&nbsp;<\/em>1 (art. n\u00b04). \u2013&nbsp;<a href=\"https:\/\/deliry.com\/pdf\/sympetrum01.pdf\" target=\"_blank\" rel=\"noreferrer noopener\"><em>in&nbsp;<\/em>PDF LINK<\/a><\/li>\n\n\n\n<li><strong>Deliry C. 1991<\/strong>&nbsp;\u2013 Bilan et perspective des observations d\u2019Odonates dans le nord des Alpes fran\u00e7aises. Is\u00e8re (38) (2\u00e8me synth\u00e8se), Savoie (73) et Haute-Savoie (74) (3eme synth\u00e8se). \u2013&nbsp;<em>Sympetrum,&nbsp;<\/em>4\/5 (art. n\u00b022). \u2013&nbsp;<a href=\"https:\/\/deliry.com\/pdf\/sympetrum04-5.pdf\" target=\"_blank\" rel=\"noreferrer noopener\"><em>in&nbsp;<\/em>PDF LINK<\/a><\/li>\n\n\n\n<li><strong>Deliry C. (r\u00e9d.) 1997<\/strong>&nbsp;\u2013 Les esp\u00e8ces rares et menac\u00e9es des d\u00e9partements des Alpes du Nord fran\u00e7aise. Is\u00e8re \u2013 Savoie \u2013 Haute-Savoie. Deuxi\u00e8me partie. \u2013 Les Zygopt\u00e8res. \u2013&nbsp;<em>Sympetrum,<\/em>&nbsp;13 (art. n\u00b063). \u2013&nbsp;<a href=\"https:\/\/deliry.com\/pdf\/sympetrum13.pdf\" target=\"_blank\" rel=\"noreferrer noopener\">PDF<\/a><\/li>\n\n\n\n<li><strong>Deliry C. (coord.) 2006<\/strong>&nbsp;\u2013&nbsp;<em>Liste rouge des Libellules de la r\u00e9gion Rh\u00f4ne-Alpes.<\/em>&nbsp;\u2013 Coll. Concepts et M\u00e9thodes, Groupe&nbsp;<em>Sympetrum<\/em>&nbsp;: 35 pp.<\/li>\n\n\n\n<li><strong>Deliry C. (coord.) 2008<\/strong>&nbsp;\u2013<em>&nbsp;Atlas illustr\u00e9 des Libellules de la r\u00e9gion Rh\u00f4ne-Alpes.<\/em>&nbsp;\u2013 Dir. du Groupe Sympetrum et Mus\u00e9um d\u2019Histoire Naturelle de Grenoble, \u00e9d. Parth\u00e9nope, M\u00e8ze&nbsp;: 404 pp.<\/li>\n\n\n\n<li><strong>Deliry C.&nbsp;2022<\/strong>&nbsp;\u2013&nbsp;<em>Odonates en France.<\/em>&nbsp;\u2013 Histoires Naturelles n\u00b065. \u2013&nbsp;<a href=\"https:\/\/deliry.com\/pdf\/hn65.pdf\" target=\"_blank\" rel=\"noreferrer noopener\">PDF<\/a><\/li>\n\n\n\n<li><strong>Deliry C. &amp; le Groupe Sympetrum 2014<\/strong>&nbsp;\u2013&nbsp;<em>Liste Rouge des Odonates de Rh\u00f4ne-Alpes 2014.<\/em>&nbsp;\u2013 Col. Concepts &amp; M\u00e9thodes, Groupe Sympetrum, Histoires Naturelles, n\u00b025.&nbsp;\u2013&nbsp;<a href=\"https:\/\/deliry.com\/pdf\/hn25.pdf\" target=\"_blank\" rel=\"noreferrer noopener\">PDF LINK<\/a><\/li>\n\n\n\n<li><strong>Dommanget J.L. 1987<\/strong>&nbsp;\u2013&nbsp;<em>Etude faunistique et bibliographique des Odonates de&nbsp;France.<\/em>&nbsp;\u2013 SFF, MNHN Paris, coll. Inventaires de Faune et de Flore, fasc. 36&nbsp;: 283 pp.<\/li>\n\n\n\n<li><strong>Doucet G. &amp; Jacquot P. 2012<\/strong>&nbsp;\u2013 El\u00e9ments sur l\u2019\u00e9mergence et les exuvies de&nbsp;<em>Nehalennia speciosa&nbsp;<\/em>en France&nbsp;(Odonata, Zygoptera&nbsp;: Coenagrionidae). \u2013&nbsp;<em>Martinia,<\/em>&nbsp;28 (2).<\/li>\n\n\n\n<li><strong>Grand D. 1990<\/strong>&nbsp;\u2013 La Collection d\u2019Eug\u00e8ne Foudras, entomologiste lyonnais. \u2013&nbsp;<em>Martinia,&nbsp;<\/em>6 (2) : 29-33.<\/li>\n\n\n\n<li><strong>Houard X. 2020<\/strong>&nbsp;\u2013&nbsp;<em>2020-2030. Plan national d\u2019actions en faveur des \u00ab&nbsp;libellules&nbsp;\u00bb. Agir pour la pr\u00e9servation des odonates menac\u00e9s et de leurs habitats.<\/em>&nbsp;\u2013 OPIE, Min. de la transition \u00e9cologique et solidaire. \u2013&nbsp;<a href=\"https:\/\/www.ecologie.gouv.fr\/sites\/default\/files\/PNA%20Libellules%202020-2030.pdf\" target=\"_blank\" rel=\"noreferrer noopener\">PDF LINK<\/a><\/li>\n\n\n\n<li><strong>Martin R. 1931<\/strong>&nbsp;\u2013&nbsp;<em>Pseudo-N\u00e9vropt\u00e8res et N\u00e9vropt\u00e8res.<\/em>&nbsp;\u2013 Histoire Naturelle de la France, 9 bis partie.&nbsp;\u2013 Deyrolle, Paris.<\/li>\n\n\n\n<li><strong>UICN France &amp; al. 2016<\/strong>&nbsp;\u2013&nbsp;<em>La Liste rouge des esp\u00e8ces menac\u00e9es en France \u2013 Libellules de France m\u00e9tropolitaine.<\/em>&nbsp;\u2013 UICN France &amp; col.&nbsp;: 12 pp.<\/li>\n<\/ul>\n\n\n\n<hr class=\"wp-block-separator has-alpha-channel-opacity is-style-wide\"\/>\n\n\n<ol class=\"wp-block-footnotes\"><li id=\"44e03827-db1c-4920-936b-ef3da9d55b49\">Nous ne savons plus o\u00f9 se trouvent archives photographiques de Daniel Grand, mais \u00e0 notre connaissance elles sont sauvegard\u00e9es et restent \u00e0 valoriser. <a href=\"#44e03827-db1c-4920-936b-ef3da9d55b49-link\" aria-label=\"Aller \u00e0 la note de bas de page 1\">\u21a9\ufe0e<\/a><\/li><li id=\"54926ed4-9325-4df0-8a26-98ae22b513f7\">J\u2019ai rassembl\u00e9 les quelques \u00e9l\u00e9ments qu\u2019il \u00e9tait possible \u00e0 l\u2019\u00e9poque dans une synth\u00e8se sur les Odonates de Savoie et Haute-Savoie (Deliry 1987) pr\u00e9cisant que\u00a0<em><strong>la seule citation fran\u00e7aise \u00e9tait une donn\u00e9e savoyarde (s.l.)<\/strong><\/em>. Je proposais d\u2019ores et d\u00e9j\u00e0 de la rechercher sur quelques sites qui me semblaient favorables : plateau d\u2019Evire, Bauges, Albanais\u2026 pour ce dernier secteur je pensais notamment que le nord de l\u2019\u00e9tang de Beaumont pr\u00e9sentaient alors des caract\u00e9ristiques compatibles avec l\u2019habitat de cette esp\u00e8ce (voir aussi Deliry 1997). J\u2019en ai discut\u00e9 avec quelques coll\u00e8gues de Suisse, qui venaient confirmer mon avis. Je disais qu\u2019il faudrait\u00a0<em>rechercher l\u2019esp\u00e8ce sur des \u00e9tangs permanents de moyenne altitude dont la v\u00e9g\u00e9tation aquatique clairsem\u00e9e se trouve \u00e0 faible profondeur mais jamais \u00e0 sec<\/em>\u00a0(notamment selon Alain Maibach,\u00a0<em>com. or.\u00a0<\/em>et d\u2019apr\u00e8s les habitats connus en Suisse) (Deliry 1991, 1997). Dans le premier volet de l\u2019Atlas r\u00e9gional, limit\u00e9 aux esp\u00e8ces menac\u00e9es des trois d\u00e9partements du nord des Alpes fran\u00e7aise (Deliry 1997), nous envisagions sa pr\u00e9sence possible en Is\u00e8re et le statut en Liste rouge le plus critique (cat\u00e9gorie 1\/10 \u2013 voir plus haut) est propos\u00e9 pour la Savoie et la Haute-Savoie. Je pr\u00e9cisais alors les connaissances dont nous disposions :\u00a0<em>Des informations anciennes de Martin (1931), reprises par Chopard (1948) donnent l\u2019esp\u00e8ce \u00ab\u00a0assez commune en Savoie, en juin-juillet, sur les \u00e9tangs\u00a0\u00bb<\/em>, pr\u00e9cisant notre \u00e9tonnement \u00e0 ne pas retrouver cette esp\u00e8ce et envisagions une erreur d\u2019interpr\u00e9tation faites par les auteurs. Des recherches sp\u00e9cifiques avaient \u00e9t\u00e9 men\u00e9es dans les ann\u00e9es 1980 et 1990, notamment sur le Marais de Beaumont dans l\u2019Albanais par Bernard Bal et Cyrille Deliry. et il convient de savoir par ailleurs que ni la crise de la Biodiversit\u00e9, ni les probl\u00e8mes climatiques n\u2019\u00e9taient encore clairement affich\u00e9s et du moins, ils \u00e9taient pas inscrits clairement dans nos esprits de jeunes naturalistes. Nous \u00e9tions donc tout \u00e0 fait optimistes quant aux possibilit\u00e9s de sa d\u00e9couverte sur les d\u00e9partements savoyards. <a href=\"#54926ed4-9325-4df0-8a26-98ae22b513f7-link\" aria-label=\"Aller \u00e0 la note de bas de page 2\">\u21a9\ufe0e<\/a><\/li><\/ol>","protected":false},"excerpt":{"rendered":"<p>La&nbsp;D\u00e9esse pr\u00e9cieuse (Nehalennia speciosa)&nbsp;\u00e9tait l\u2019esp\u00e8ce de Libellule indig\u00e8ne la plus rare de France. Cette petite Libellule de la famille des Co\u00e9nagrionid\u00e9s avait \u00e9t\u00e9 signal\u00e9e par &hellip; <\/p>\n","protected":false},"author":1,"featured_media":478,"comment_status":"closed","ping_status":"closed","sticky":false,"template":"","format":"standard","meta":{"footnotes":"[{\"content\":\"Nous ne savons plus o\u00f9 se trouvent archives photographiques de Daniel Grand, mais \u00e0 notre connaissance elles sont sauvegard\u00e9es et restent \u00e0 valoriser.\",\"id\":\"44e03827-db1c-4920-936b-ef3da9d55b49\"},{\"content\":\"J\u2019ai rassembl\u00e9 les quelques \u00e9l\u00e9ments qu\u2019il \u00e9tait possible \u00e0 l\u2019\u00e9poque dans une synth\u00e8se sur les Odonates de Savoie et Haute-Savoie (Deliry 1987) pr\u00e9cisant que\u00a0<em><strong>la seule citation fran\u00e7aise \u00e9tait une donn\u00e9e savoyarde (s.l.)<\/strong><\/em>. Je proposais d\u2019ores et d\u00e9j\u00e0 de la rechercher sur quelques sites qui me semblaient favorables : plateau d\u2019Evire, Bauges, Albanais\u2026 pour ce dernier secteur je pensais notamment que le nord de l\u2019\u00e9tang de Beaumont pr\u00e9sentaient alors des caract\u00e9ristiques compatibles avec l\u2019habitat de cette esp\u00e8ce (voir aussi Deliry 1997). J\u2019en ai discut\u00e9 avec quelques coll\u00e8gues de Suisse, qui venaient confirmer mon avis. Je disais qu\u2019il faudrait\u00a0<em>rechercher l\u2019esp\u00e8ce sur des \u00e9tangs permanents de moyenne altitude dont la v\u00e9g\u00e9tation aquatique clairsem\u00e9e se trouve \u00e0 faible profondeur mais jamais \u00e0 sec<\/em>\u00a0(notamment selon Alain Maibach,\u00a0<em>com. or.\u00a0<\/em>et d\u2019apr\u00e8s les habitats connus en Suisse) (Deliry 1991, 1997). Dans le premier volet de l\u2019Atlas r\u00e9gional, limit\u00e9 aux esp\u00e8ces menac\u00e9es des trois d\u00e9partements du nord des Alpes fran\u00e7aise (Deliry 1997), nous envisagions sa pr\u00e9sence possible en Is\u00e8re et le statut en Liste rouge le plus critique (cat\u00e9gorie 1\/10 \u2013 voir plus haut) est propos\u00e9 pour la Savoie et la Haute-Savoie. Je pr\u00e9cisais alors les connaissances dont nous disposions :\u00a0<em>Des informations anciennes de Martin (1931), reprises par Chopard (1948) donnent l\u2019esp\u00e8ce \u00ab\u00a0assez commune en Savoie, en juin-juillet, sur les \u00e9tangs\u00a0\u00bb<\/em>, pr\u00e9cisant notre \u00e9tonnement \u00e0 ne pas retrouver cette esp\u00e8ce et envisagions une erreur d\u2019interpr\u00e9tation faites par les auteurs. Des recherches sp\u00e9cifiques avaient \u00e9t\u00e9 men\u00e9es dans les ann\u00e9es 1980 et 1990, notamment sur le Marais de Beaumont dans l\u2019Albanais par Bernard Bal et Cyrille Deliry. et il convient de savoir par ailleurs que ni la crise de la Biodiversit\u00e9, ni les probl\u00e8mes climatiques n\u2019\u00e9taient encore clairement affich\u00e9s et du moins, ils \u00e9taient pas inscrits clairement dans nos esprits de jeunes naturalistes. Nous \u00e9tions donc tout \u00e0 fait optimistes quant aux possibilit\u00e9s de sa d\u00e9couverte sur les d\u00e9partements savoyards.\",\"id\":\"54926ed4-9325-4df0-8a26-98ae22b513f7\"}]"},"categories":[411,516,419,1,269,471,283,311],"tags":[],"class_list":["post-476","post","type-post","status-publish","format-standard","has-post-thumbnail","hentry","category-changements-climatiques","category-coenagrionidae-coenagrionidae","category-franche-comte","category-maintenance","category-odonates","category-odonates-en-france","category-bibliographie-2","category-zz-synchroniser"],"_links":{"self":[{"href":"https:\/\/deliry.com\/index.php?rest_route=\/wp\/v2\/posts\/476","targetHints":{"allow":["GET"]}}],"collection":[{"href":"https:\/\/deliry.com\/index.php?rest_route=\/wp\/v2\/posts"}],"about":[{"href":"https:\/\/deliry.com\/index.php?rest_route=\/wp\/v2\/types\/post"}],"author":[{"embeddable":true,"href":"https:\/\/deliry.com\/index.php?rest_route=\/wp\/v2\/users\/1"}],"replies":[{"embeddable":true,"href":"https:\/\/deliry.com\/index.php?rest_route=%2Fwp%2Fv2%2Fcomments&post=476"}],"version-history":[{"count":5,"href":"https:\/\/deliry.com\/index.php?rest_route=\/wp\/v2\/posts\/476\/revisions"}],"predecessor-version":[{"id":7174,"href":"https:\/\/deliry.com\/index.php?rest_route=\/wp\/v2\/posts\/476\/revisions\/7174"}],"wp:featuredmedia":[{"embeddable":true,"href":"https:\/\/deliry.com\/index.php?rest_route=\/wp\/v2\/media\/478"}],"wp:attachment":[{"href":"https:\/\/deliry.com\/index.php?rest_route=%2Fwp%2Fv2%2Fmedia&parent=476"}],"wp:term":[{"taxonomy":"category","embeddable":true,"href":"https:\/\/deliry.com\/index.php?rest_route=%2Fwp%2Fv2%2Fcategories&post=476"},{"taxonomy":"post_tag","embeddable":true,"href":"https:\/\/deliry.com\/index.php?rest_route=%2Fwp%2Fv2%2Ftags&post=476"}],"curies":[{"name":"wp","href":"https:\/\/api.w.org\/{rel}","templated":true}]}}