{"id":519,"date":"2019-10-24T19:55:00","date_gmt":"2019-10-24T19:55:00","guid":{"rendered":"https:\/\/deliry.com\/?p=519"},"modified":"2026-04-13T15:14:10","modified_gmt":"2026-04-13T15:14:10","slug":"premier-cas-de-ponte-de-lanax-porte-selle-en-ardeche","status":"publish","type":"post","link":"https:\/\/deliry.com\/?p=519","title":{"rendered":"Premier cas de ponte de l\u2019Anax porte-selle en Ard\u00e8che"},"content":{"rendered":"\n<h4 class=\"wp-block-heading\">Observation tardive de pontes le 24 octobre 2019 en Ard\u00e8che<\/h4>\n\n\n\n<p>Ce sont les premiers cas de pontes jamais enregistr\u00e9s en Ard\u00e8che, un d\u00e9partement pourtant bien pourvu en mentions d\u2019<em>Hemianax ephippiger<\/em>&nbsp;puisqu\u2019on voit cette esp\u00e8ce presque chaque ann\u00e9e en automne. Ce sont des pontes sur une mare temporaire de la commune de Lanas photographi\u00e9es par&nbsp;<strong>Pierre Juliand<\/strong>&nbsp;; des pontes en tandem, ce qui est le cas le plus fr\u00e9quent chez cette esp\u00e8ce, mais aussi en solo\u2026 nous avons ici une date tr\u00e8s tardive pour ce comportement dans la r\u00e9gion. Pr\u00e9sence de deux tandems et d\u2019un individu en vol, cette mention concerne 5 individus.&nbsp;<strong>Il va falloir surveiller les \u00e9mergences ce printemps<\/strong>.<\/p>\n\n\n\n<p>De mani\u00e8re g\u00e9n\u00e9rale les \u00e9mergences surviennent tr\u00e8s t\u00f4t, probablement en mars ou en avril, \u00e0 une \u00e9poque o\u00f9 les&nbsp;<em>Anax<\/em>&nbsp;sont encore \u00e0 l\u2019\u00e9tat larvaire. Le ph\u00e9nom\u00e8ne est rarissime en Europe, entendons, les d\u00e9veloppements larvaires r\u00e9ussis au cours de l\u2019hiver. En g\u00e9n\u00e9ral les larves n\u2019arrivent pas \u00e0 se d\u00e9velopper en hiver en Europe et seuls de rapides cycles r\u00e9alis\u00e9s en \u00e9t\u00e9 parviennent \u00e0 conclusion. Jean-Michel Faton et Cyrille Deliry avaient eu la chance de d\u00e9couvrir des exuvies printani\u00e8res d\u2019<em>Hemianax ephippiger<\/em>&nbsp;en Camargue. Il s\u2019agit \u00e0 notre connaissance de la seule station de France o\u00f9 ce ph\u00e9nom\u00e8ne a \u00e9t\u00e9 \u2013 tr\u00e8s exceptionnellement \u2013 constat\u00e9. En Europe, on parle d\u2019exemples en Espagne ou en Roumanie\u2026 une question \u00e0 creuser et qui n\u2019a gu\u00e8re \u00e9t\u00e9 publi\u00e9e.<\/p>\n\n\n<div class=\"wp-block-image\">\n<figure class=\"aligncenter size-full is-resized\"><a href=\"https:\/\/deliry.com\/wp-content\/uploads\/2019\/10\/Evernote-1-1.jpeg\"><img loading=\"lazy\" decoding=\"async\" width=\"640\" height=\"427\" src=\"https:\/\/deliry.com\/wp-content\/uploads\/2019\/10\/Evernote-1-1.jpeg\" alt=\"\" class=\"wp-image-523\" style=\"width:440px\" srcset=\"https:\/\/deliry.com\/wp-content\/uploads\/2019\/10\/Evernote-1-1.jpeg 640w, https:\/\/deliry.com\/wp-content\/uploads\/2019\/10\/Evernote-1-1-300x200.jpeg 300w\" sizes=\"auto, (max-width: 640px) 100vw, 640px\" \/><\/a><figcaption class=\"wp-element-caption\"><em><sub>\u00a9 Pierre Juliand<\/sub><\/em><br><em>Ard\u00e8che, Lanas le 24 octobre 2019 \u2013 Ponte en solo<\/em><\/figcaption><\/figure>\n<\/div>\n\n<div class=\"wp-block-image\">\n<figure class=\"aligncenter size-full is-resized\"><a href=\"https:\/\/deliry.com\/wp-content\/uploads\/2019\/10\/Evernote-2.jpeg\"><img loading=\"lazy\" decoding=\"async\" width=\"400\" height=\"600\" src=\"https:\/\/deliry.com\/wp-content\/uploads\/2019\/10\/Evernote-2.jpeg\" alt=\"\" class=\"wp-image-524\" style=\"width:auto;height:440px\" srcset=\"https:\/\/deliry.com\/wp-content\/uploads\/2019\/10\/Evernote-2.jpeg 400w, https:\/\/deliry.com\/wp-content\/uploads\/2019\/10\/Evernote-2-200x300.jpeg 200w\" sizes=\"auto, (max-width: 400px) 100vw, 400px\" \/><\/a><figcaption class=\"wp-element-caption\"><em><sub>\u00a9 Pierre Juliand<\/sub><\/em><br><em>Ard\u00e8che, Lanas le 24 octobre 2019 \u2013 Ponte en tandem<\/em><\/figcaption><\/figure>\n<\/div>\n\n\n<p>Notons que le m\u00eame jour sur le m\u00eame lieu, pondaient&nbsp;<em>Sympetrum striolatum<\/em>&nbsp;(normal&nbsp;!) et&nbsp;<em>Sympetrum fonscolombii<\/em>&nbsp;(date tr\u00e8s int\u00e9ressante&nbsp;!).<\/p>\n\n\n<div class=\"wp-block-image\">\n<figure class=\"aligncenter size-full is-resized\"><img loading=\"lazy\" decoding=\"async\" width=\"400\" height=\"600\" src=\"https:\/\/deliry.com\/wp-content\/uploads\/2019\/10\/Evernote-2-1.jpeg\" alt=\"\" class=\"wp-image-525\" style=\"width:auto;height:440px\" srcset=\"https:\/\/deliry.com\/wp-content\/uploads\/2019\/10\/Evernote-2-1.jpeg 400w, https:\/\/deliry.com\/wp-content\/uploads\/2019\/10\/Evernote-2-1-200x300.jpeg 200w\" sizes=\"auto, (max-width: 400px) 100vw, 400px\" \/><figcaption class=\"wp-element-caption\"><em><sub>\u00a9 Pierre Juliand<\/sub><\/em><br><em>Ard\u00e8che, Lanas le 24 octobre 2019 \u2013 Ponte en tandem de&nbsp;Sympetrum fonscolombii<\/em><\/figcaption><\/figure>\n<\/div>\n\n\n<h4 class=\"wp-block-heading\">En pr\u00e9vision&nbsp;: l\u2019identification des exuvies chez les Anax&nbsp;: the mask\u2026<\/h4>\n\n\n<div class=\"wp-block-image\">\n<figure class=\"aligncenter size-full is-resized\"><a href=\"https:\/\/deliry.com\/wp-content\/uploads\/2019\/10\/Evernote-3.jpeg\"><img loading=\"lazy\" decoding=\"async\" width=\"640\" height=\"735\" src=\"https:\/\/deliry.com\/wp-content\/uploads\/2019\/10\/Evernote-3.jpeg\" alt=\"\" class=\"wp-image-526\" style=\"width:440px\" srcset=\"https:\/\/deliry.com\/wp-content\/uploads\/2019\/10\/Evernote-3.jpeg 640w, https:\/\/deliry.com\/wp-content\/uploads\/2019\/10\/Evernote-3-261x300.jpeg 261w\" sizes=\"auto, (max-width: 640px) 100vw, 640px\" \/><\/a><figcaption class=\"wp-element-caption\"><em><em>\u00a9 Christophe Brochard<\/em><\/em><\/figcaption><\/figure>\n<\/div>\n\n\n<p>Par exp\u00e9rience si le masque d\u2019<em>Hemianax ephippiger<\/em>&nbsp;a bien ces proportions, il est souvent un peu plus grand, tout en restant plus petit que ceux d\u2019<em>Anax imperator<\/em>&nbsp;ou&nbsp;<em>Anax parthenope<\/em>. Nous avons ici un exemple de tr\u00e8s petit masque (C.Deliry, com.).<\/p>\n\n\n\n<h4 class=\"wp-block-heading\">Rendez-vous au printemps 2020\u2026<\/h4>\n\n\n\n<p>Ici nous noterons vos observations\u2026 \u00e9ventuelles&nbsp;!<\/p>\n\n\n\n<p class=\"has-text-align-right has-small-font-size\">R\u00e9daction : Cyrille Deliry (archives GRPLS) &#8211; Photographies de Pierre Juliand et Christophe Brochard<\/p>\n","protected":false},"excerpt":{"rendered":"<p>Observation tardive de pontes le 24 octobre 2019 en Ard\u00e8che Ce sont les premiers cas de pontes jamais enregistr\u00e9s en Ard\u00e8che, un d\u00e9partement pourtant bien &hellip; <\/p>\n","protected":false},"author":1,"featured_media":0,"comment_status":"closed","ping_status":"closed","sticky":false,"template":"","format":"standard","meta":{"footnotes":""},"categories":[466,314,407,1,269,311],"tags":[],"class_list":["post-519","post","type-post","status-publish","format-standard","hentry","category-anactidae-aeshnidae","category-ardeche","category-grpls","category-maintenance","category-odonates","category-zz-synchroniser"],"_links":{"self":[{"href":"https:\/\/deliry.com\/index.php?rest_route=\/wp\/v2\/posts\/519","targetHints":{"allow":["GET"]}}],"collection":[{"href":"https:\/\/deliry.com\/index.php?rest_route=\/wp\/v2\/posts"}],"about":[{"href":"https:\/\/deliry.com\/index.php?rest_route=\/wp\/v2\/types\/post"}],"author":[{"embeddable":true,"href":"https:\/\/deliry.com\/index.php?rest_route=\/wp\/v2\/users\/1"}],"replies":[{"embeddable":true,"href":"https:\/\/deliry.com\/index.php?rest_route=%2Fwp%2Fv2%2Fcomments&post=519"}],"version-history":[{"count":6,"href":"https:\/\/deliry.com\/index.php?rest_route=\/wp\/v2\/posts\/519\/revisions"}],"predecessor-version":[{"id":6997,"href":"https:\/\/deliry.com\/index.php?rest_route=\/wp\/v2\/posts\/519\/revisions\/6997"}],"wp:attachment":[{"href":"https:\/\/deliry.com\/index.php?rest_route=%2Fwp%2Fv2%2Fmedia&parent=519"}],"wp:term":[{"taxonomy":"category","embeddable":true,"href":"https:\/\/deliry.com\/index.php?rest_route=%2Fwp%2Fv2%2Fcategories&post=519"},{"taxonomy":"post_tag","embeddable":true,"href":"https:\/\/deliry.com\/index.php?rest_route=%2Fwp%2Fv2%2Ftags&post=519"}],"curies":[{"name":"wp","href":"https:\/\/api.w.org\/{rel}","templated":true}]}}