{"id":6527,"date":"2025-08-18T00:28:42","date_gmt":"2025-08-18T00:28:42","guid":{"rendered":"https:\/\/deliry.com\/?p=6527"},"modified":"2026-04-13T15:12:17","modified_gmt":"2026-04-13T15:12:17","slug":"regard-sur-la-demoiselle-des-hauts","status":"publish","type":"post","link":"https:\/\/deliry.com\/?p=6527","title":{"rendered":"Regards sur la Demoiselle des Hauts de La R\u00e9union"},"content":{"rendered":"\n<p class=\"has-pale-ocean-gradient-background has-background\" style=\"font-size:25px\">La <em>Demoiselle des Hauts, <\/em>est une tr\u00e8s petite esp\u00e8ce qui pr\u00e9sente avec sa population isol\u00e9e sur l&rsquo;\u00eele de La R\u00e9union suffisamment d&rsquo;originalit\u00e9 pour m\u00e9riter d&rsquo;\u00eatre distingu\u00e9e, si on se fie aux \u00e9l\u00e9ments de son histoire, sous le nom d&rsquo;<em>Africallagma glaucum sikorae <\/em>(F\u00f6rster, 1906). Il ne s&rsquo;agit peut-\u00eatre que d&rsquo;un simple \u00e9cotype et des analyses g\u00e9n\u00e9tiques pourraient finalement r\u00e9v\u00e9ler un taxon distinct ou divergent pour cette esp\u00e8ce fondamentalement pr\u00e9sente en Afrique continentale.<\/p>\n\n\n<div class=\"wp-block-image\">\n<figure class=\"aligncenter size-large is-resized\"><a href=\"https:\/\/deliry.com\/wp-content\/uploads\/2025\/08\/original.jpg\"><img loading=\"lazy\" decoding=\"async\" width=\"1024\" height=\"917\" src=\"https:\/\/deliry.com\/wp-content\/uploads\/2025\/08\/original-1024x917.jpg\" alt=\"\" class=\"wp-image-6533\" style=\"width:640px\" srcset=\"https:\/\/deliry.com\/wp-content\/uploads\/2025\/08\/original-1024x917.jpg 1024w, https:\/\/deliry.com\/wp-content\/uploads\/2025\/08\/original-300x269.jpg 300w, https:\/\/deliry.com\/wp-content\/uploads\/2025\/08\/original-768x687.jpg 768w, https:\/\/deliry.com\/wp-content\/uploads\/2025\/08\/original-1536x1375.jpg 1536w, https:\/\/deliry.com\/wp-content\/uploads\/2025\/08\/original.jpg 1898w\" sizes=\"auto, (max-width: 1024px) 100vw, 1024px\" \/><\/a><figcaption class=\"wp-element-caption\"><em>Africallagma glaucum <\/em>&#8211; Plaine des Cafres, La R\u00e9union (altitude 2100 m environ)<br><sup>\u00a9\u00a9 bync &#8211; Fran\u00e7ois Rouseu &#8211; iNaturalist<\/sup><\/figcaption><\/figure>\n<\/div>\n\n\n<p>Dans les Hauts de l\u2019\u00eele de La R\u00e9union, on peut observer une tr\u00e8s petite libellule, mesurant \u00e0 peine 3 cm de long. Elle fr\u00e9quente les eaux calmes ainsi que les ravines qui restent en eau toute l&rsquo;ann\u00e9e. On la rencontre \u00e9galement le long des routes ou sur des sentiers forestiers, probablement en simple d\u00e9placement. Michel Yerokine l\u2019a surnomm\u00e9e <em>la Demoiselle des Hauts<\/em> (Yerokine [2023]). En effet, cette esp\u00e8ce n\u2019est pr\u00e9sente qu\u2019au dessus de 600 m et elle d\u00e9passe les 1800 m\u00e8tres d\u2019altitude sur l\u2019\u00eele (voire atteint les 2100 m selon la photographie ci-dessus).<\/p>\n\n\n\n<p>Il s\u2019agit d\u2019une esp\u00e8ce africaine, <em>Africallagma glaucum<\/em>, dont la pr\u00e9sence \u00e0 La R\u00e9union est \u00e9tonnante, car elle est totalement absente de Madagascar et n\u2019est connue ici qu\u2019en altitude. On pourrait dire qu\u2019elle semble \u00e9gar\u00e9e sur ce petit territoire isol\u00e9, loin de toute autre population connue. Sa recherche dans des habitats similaires et \u00e9lev\u00e9s, \u00e0 Madagascar semble \u00e0 faire.<\/p>\n\n\n\n<p>Il s&rsquo;agit d&rsquo;une Libellule africaine qui est comme \u00e9gar\u00e9e sur ce bout d&rsquo;\u00eele, loin de toute autre localit\u00e9. Elle n&rsquo;est pas m\u00eame connue \u00e0 Madagascar et ni vit qu&rsquo;en altitude sur La R\u00e9union. On la nomme <em>Africallagma glaucum<\/em>.<\/p>\n\n\n\n<p>L\u2019histoire de cette libellule \u00e0 La R\u00e9union commence sous un autre nom. Le naturaliste Franz Sikora (1863\u20131902) en a r\u00e9colt\u00e9 un sp\u00e9cimen sur l\u2019\u00eele le 10 f\u00e9vrier 1901. Ce dernier fut d\u00e9crit par F\u00f6rster en 1906 sous le nom <em>Pseudagrion sikorae<\/em>, en hommage \u00e0 Sikora, connu pour ses nombreuses collectes naturalistes, notamment \u00e0 Madagascar. La description de F\u00f6rster est suffisamment pr\u00e9cise, en particulier sur le segment 10 de l\u2019abdomen, pour que le sp\u00e9cimen trait\u00e9 soit rattach\u00e9e au genre <em>Africallagma<\/em>. Notons pour l&rsquo;anecdote que sp\u00e9cimen initial a \u00e9t\u00e9 conserv\u00e9 d\u2019abord dans du rhum et du formol, avant d\u2019\u00eatre mont\u00e9 \u00e0 sec par F\u00f6rster, qui fut surpris par sa tr\u00e8s petite taille. Il l\u2019ajouta \u00e0 sa collection, aujourd\u2019hui conserv\u00e9e \u00e0 Ann Arbor, au Michigan (\u00c9tats-Unis).<\/p>\n\n\n\n<p>C\u2019est en 1908 que Ris, puis en 1962 que Pinhey proposent de rapprocher <em>Pseudagrion sikorae<\/em> de l&rsquo;africaine, <em>Enallagma glaucum<\/em> (Burmeister, 1839). Le second auteur la place dans le sous-genre, <em>Enallagma (Africallagma)<\/em>. Cette derni\u00e8re est une esp\u00e8ce commune dans le sud de l\u2019Afrique, depuis le Cap de Bonne-Esp\u00e9rance jusqu\u2019\u00e0 l\u2019Afrique centrale alors qu&rsquo;elle y est moins dens\u00e9ment r\u00e9pr\u00e9sent\u00e9e. Elle atteint le Mozambique \u00e0 l\u2019est de l&rsquo;Afrique. La population r\u00e9unionnaise, qui ne pr\u00e9sente pas de diff\u00e9rences notables par rapport \u00e0 celles du continent, semble isol\u00e9e, voire \u00ab\u00a0perdue\u00a0\u00bb, sur l\u2019\u00eele.<\/p>\n\n\n\n<p>En Afrique, <em>Africallagma glaucum<\/em> est associ\u00e9e aux zones arides o\u00f9 on la trouve dans des marais subtropicaux au sein de zones arbustives. Elle peut atteindre jusqu\u2019\u00e0 3200 m d\u2019altitude sur le continent. Si aucun caract\u00e8re morphologique ne distingue les individus r\u00e9unionnais de leurs cong\u00e9n\u00e8res africains, certains \u00e9l\u00e9ments de leur \u00e9cologie locale sugg\u00e8rent qu\u2019il pourrait s\u2019agir d\u2019une sous-esp\u00e8ce ou d\u2019un \u00e9cotype propre \u00e0 La R\u00e9union. Dans ce cas, le nom appropri\u00e9 serait <em>Africallagma glaucum sikorae<\/em> (F\u00f6rster, 1906).<\/p>\n\n\n\n<p>Outre cette originalit\u00e9 g\u00e9ographique, certains aspects de la biologie et de l\u2019\u00e9cologie de la population r\u00e9unionnaise sont sp\u00e9cifiques. Sur le continent, cette libellule est visible toute l\u2019ann\u00e9e, avec un creux d\u2019effectifs pendant l\u2019hiver austral. \u00c0 La R\u00e9union, le cycle est comparable, mais elle n\u2019est observ\u00e9e que d\u2019octobre \u00e0 mai. Ce qui retient l\u2019attention, c\u2019est la pr\u00e9sence d\u2019individus immatures d\u00e8s le mois d\u2019avril, sugg\u00e9rant l\u2019existence de deux g\u00e9n\u00e9rations par an. Si elle dispara\u00eet en mai, cela soul\u00e8ve une question : o\u00f9 passent ces libellules pendant l\u2019hiver austral ? Meurent-elles vraiment ? Peut-\u00eatre se r\u00e9fugient-elles dans des habitats encore inconnus. Pour r\u00e9pondre \u00e0 cette hypoth\u00e8se, des recherches cibl\u00e9es entre juin et septembre seraient n\u00e9cessaires, dans divers habitats. De plus, un examen minutieux des individus observ\u00e9s en octobre permettrait de d\u00e9terminer s\u2019il s\u2019agit exclusivement de nouveaux imagos fra\u00eechement \u00e9merg\u00e9s ou s\u2019il y a aussi des adultes matures ayant surv\u00e9cu \u00e0 l\u2019hiver.<\/p>\n\n\n\n<p>Si d\u00e8s 1920, Kennedy avait propos\u00e9 le genre <em>Africallagma<\/em> pour <em>Agrion glaucum <\/em>Burmeister, 1839, l&rsquo;ann\u00e9e suivante, Ris (1921) range cette esp\u00e8ce dans le genre <em>Enallagma<\/em> tout comme l&rsquo;avait d\u00e9j\u00e0 fait auparavant Calvert (1898). Pinhey (1962) utilise un sous-genre, <em>Enallagma (Africallagma) glaucum<\/em> et les auteurs, sauf May (2002) qui restaure <em>Africallagma<\/em>, s&rsquo;attardent longtemps tout simplement sous <em>Enallagma glaucum<\/em> et on voit encore ce nom dans les documents jusqu&rsquo;au d\u00e9but des ann\u00e9es 2020. <em>Africallagma glaucum <\/em>(Burmeister, 1839) est d\u00e9sormais le nom consid\u00e9r\u00e9 comme ad\u00e9quate.<\/p>\n\n\n<div class=\"wp-block-image\">\n<figure class=\"aligncenter size-large is-resized\"><a href=\"https:\/\/deliry.com\/wp-content\/uploads\/2025\/08\/original-1.jpg\"><img loading=\"lazy\" decoding=\"async\" width=\"768\" height=\"1024\" src=\"https:\/\/deliry.com\/wp-content\/uploads\/2025\/08\/original-1-768x1024.jpg\" alt=\"\" class=\"wp-image-6538\" style=\"width:400px\" srcset=\"https:\/\/deliry.com\/wp-content\/uploads\/2025\/08\/original-1-768x1024.jpg 768w, https:\/\/deliry.com\/wp-content\/uploads\/2025\/08\/original-1-225x300.jpg 225w, https:\/\/deliry.com\/wp-content\/uploads\/2025\/08\/original-1-1152x1536.jpg 1152w, https:\/\/deliry.com\/wp-content\/uploads\/2025\/08\/original-1.jpg 1536w\" sizes=\"auto, (max-width: 768px) 100vw, 768px\" \/><\/a><figcaption class=\"wp-element-caption\"><em>Africallagma glaucum <\/em>&#8211; Plaine des Cafres, La R\u00e9union (altitude 2100 m environ) &#8211; Sp\u00e9cimen m\u00e2le, \u00ab\u00a0\u00e0 son poste\u00a0\u00bb<br><sup>\u00a9\u00a9 bync &#8211; Fran\u00e7ois Rouseu &#8211; iNaturalist<\/sup><\/figcaption><\/figure>\n<\/div>\n\n\n<p class=\"has-text-align-right\">Niort les 17 et 18 ao\u00fbt 2025<\/p>\n\n\n\n<ul class=\"wp-block-list has-very-light-gray-to-cyan-bluish-gray-gradient-background has-background\">\n<li><strong>Calvert P.P. 1898<\/strong>&nbsp;&#8211; Burmeister&rsquo;s Types of Odonata. &#8211;&nbsp;<em>Transactions of the American Entomological Society,<\/em>&nbsp;25&nbsp;: 27-104 (+ pl.I). &#8211;&nbsp;<a href=\"https:\/\/www.biodiversitylibrary.org\/page\/7521895#page\/37\/mode\/1up\">PDF LINK<\/a><\/li>\n\n\n\n<li><strong>F\u00f6rster F. 1906<\/strong>&nbsp;\u2013 Die Libellulidengattungen von Afrika und Madagaskar. \u2013&nbsp;<em>Jahresbericht Mannheimer Vereins Naturkunde,<\/em>&nbsp;71\/72&nbsp;: 1-67. \u2013&nbsp;<a href=\"https:\/\/www.biodiversitylibrary.org\/page\/44773361#page\/35\/mode\/1up\" target=\"_blank\" rel=\"noreferrer noopener\">ONLINE<\/a><\/li>\n\n\n\n<li><strong>Deliry C. [2025]<\/strong>&nbsp;&#8211;&nbsp;<em>Africallagma glaucum<\/em>. &#8211;&nbsp;<small><sup>\u24b7log<\/sup><\/small>&nbsp;de La Selysienne, 4 avril 2024, r\u00e9vision du 17 ao\u00fbt 2025. &#8211;&nbsp;<a href=\"https:\/\/www.odonatagallica.com\/?p=2826\" target=\"_blank\" rel=\"noreferrer noopener\">ONLINE<\/a><\/li>\n\n\n\n<li><strong>Kennedy C.H. 1920<\/strong>&nbsp;&#8211; Forty-two hitherto unrecognized genera and subgenera of&nbsp;<em>Zygoptera<\/em>. &#8211;&nbsp;<em>The Ohio Journal of Science,<\/em>&nbsp;21 (2)&nbsp;: 83-88. &#8211;&nbsp;<a href=\"https:\/\/www.biodiversitylibrary.org\/page\/3747475#page\/91\/mode\/1up\">ONLINE<\/a><\/li>\n\n\n\n<li><strong>May M.L. 2002<\/strong>&nbsp;&#8211; Phylogeny and taxonomy of the damselfly genus&nbsp;<em>Enallagma<\/em>&nbsp;and related taxa (Odonata&nbsp;: Zygoptera&nbsp;: Coenagrionidae). &#8211;&nbsp;<em>Systematic Entomology,<\/em>&nbsp;27&nbsp;: 387-408. &#8211;&nbsp;<a href=\"https:\/\/www.researchgate.net\/publication\/230132818_Phylogeny_and_taxonomy_of_the_damselfly_genus_Enallagma_and_related_taxa_Odonata_Zygoptera_Coenagrionidae\">ONLINE<\/a><\/li>\n\n\n\n<li><strong>Pinhey E.C. 1962<\/strong>&nbsp;\u2013 A descriptive catalogue of the Odonata of Africa continent. \u2013&nbsp;<em>Publ\u00e7oes cult. Co. Diam. Angola,<\/em>&nbsp;59 (1\/2)&nbsp;: 1-321.<\/li>\n\n\n\n<li><strong>Ris F. 1908<\/strong>&nbsp;&#8211;&nbsp;<em>Odonata.<\/em>&nbsp;Nach dem Sammlungen L. Schultze&rsquo;s und Katalog der Odonaten von S\u00fcdafrika. &#8211;&nbsp;<em>Denkschriften medizinisch-naturwissenschaftlichen Gesellschaft Jena,<\/em>&nbsp;13&nbsp;: 303-346 (17 fig.). &#8211;&nbsp;<a href=\"https:\/\/www.biodiversitylibrary.org\/page\/37102655#page\/335\/mode\/1up\" target=\"_blank\" rel=\"noreferrer noopener\">ONLINE<\/a><\/li>\n\n\n\n<li><strong>Yerokine M. [2023]<\/strong>&nbsp;\u2013 Africallagma glaucum&nbsp;<em>la demoiselle des hauts de La R\u00e9union.<\/em>&nbsp;\u2013 La Selysienne, odonatagallica.com, 8 d\u00e9cembre 2023. \u2013&nbsp;<a href=\"https:\/\/www.odonatagallica.com\/?p=2831\">ONLINE&nbsp;<small><sup>\u24b7log<\/sup><\/small><\/a><\/li>\n<\/ul>\n\n\n\n<p><\/p>\n","protected":false},"excerpt":{"rendered":"<p>La Demoiselle des Hauts, est une tr\u00e8s petite esp\u00e8ce qui pr\u00e9sente avec sa population isol\u00e9e sur l&rsquo;\u00eele de La R\u00e9union suffisamment d&rsquo;originalit\u00e9 pour m\u00e9riter d&rsquo;\u00eatre &hellip; <\/p>\n","protected":false},"author":1,"featured_media":6546,"comment_status":"closed","ping_status":"closed","sticky":false,"template":"","format":"standard","meta":{"footnotes":""},"categories":[310,495,353,269,311],"tags":[],"class_list":["post-6527","post","type-post","status-publish","format-standard","has-post-thumbnail","hentry","category-especes","category-ischnuridae-coenagrionidae","category-la-reunion","category-odonates","category-zz-synchroniser"],"_links":{"self":[{"href":"https:\/\/deliry.com\/index.php?rest_route=\/wp\/v2\/posts\/6527","targetHints":{"allow":["GET"]}}],"collection":[{"href":"https:\/\/deliry.com\/index.php?rest_route=\/wp\/v2\/posts"}],"about":[{"href":"https:\/\/deliry.com\/index.php?rest_route=\/wp\/v2\/types\/post"}],"author":[{"embeddable":true,"href":"https:\/\/deliry.com\/index.php?rest_route=\/wp\/v2\/users\/1"}],"replies":[{"embeddable":true,"href":"https:\/\/deliry.com\/index.php?rest_route=%2Fwp%2Fv2%2Fcomments&post=6527"}],"version-history":[{"count":26,"href":"https:\/\/deliry.com\/index.php?rest_route=\/wp\/v2\/posts\/6527\/revisions"}],"predecessor-version":[{"id":7302,"href":"https:\/\/deliry.com\/index.php?rest_route=\/wp\/v2\/posts\/6527\/revisions\/7302"}],"wp:featuredmedia":[{"embeddable":true,"href":"https:\/\/deliry.com\/index.php?rest_route=\/wp\/v2\/media\/6546"}],"wp:attachment":[{"href":"https:\/\/deliry.com\/index.php?rest_route=%2Fwp%2Fv2%2Fmedia&parent=6527"}],"wp:term":[{"taxonomy":"category","embeddable":true,"href":"https:\/\/deliry.com\/index.php?rest_route=%2Fwp%2Fv2%2Fcategories&post=6527"},{"taxonomy":"post_tag","embeddable":true,"href":"https:\/\/deliry.com\/index.php?rest_route=%2Fwp%2Fv2%2Ftags&post=6527"}],"curies":[{"name":"wp","href":"https:\/\/api.w.org\/{rel}","templated":true}]}}