{"id":210,"date":"2025-01-19T05:39:26","date_gmt":"2025-01-19T05:39:26","guid":{"rendered":"https:\/\/deliry.com\/odoclim\/?p=210"},"modified":"2025-01-19T05:58:12","modified_gmt":"2025-01-19T05:58:12","slug":"odoclim-2025","status":"publish","type":"post","link":"https:\/\/deliry.com\/odoclim\/?p=210","title":{"rendered":"Odo&rsquo;Clim 2025"},"content":{"rendered":"\n<figure class=\"wp-block-table alignright\"><table><tbody><tr><td>Coordination <em>Odo&rsquo;Clim<\/em> : <a href=\"https:\/\/www.odonatagallica.com\/?p=39\">Cyrille Deliry<\/a><br><em>La Selysienne<\/em><\/td><\/tr><\/tbody><\/table><figcaption class=\"wp-element-caption\">\u2192 <strong><a href=\"https:\/\/odonatagallica.com\">odonatagallica.com<\/a><\/strong><\/figcaption><\/figure>\n\n\n\n<figure class=\"wp-block-image size-full is-resized\"><a href=\"https:\/\/deliry.com\/odoclim\/wp-content\/uploads\/2025\/01\/animal_blur_catch_cobweb_creepy_dew_dragonfly_drops-1482119.jpg\"><img loading=\"lazy\" decoding=\"async\" width=\"1200\" height=\"802\" src=\"https:\/\/deliry.com\/odoclim\/wp-content\/uploads\/2025\/01\/animal_blur_catch_cobweb_creepy_dew_dragonfly_drops-1482119.jpg\" alt=\"\" class=\"wp-image-211\" style=\"width:380px\" srcset=\"https:\/\/deliry.com\/odoclim\/wp-content\/uploads\/2025\/01\/animal_blur_catch_cobweb_creepy_dew_dragonfly_drops-1482119.jpg 1200w, https:\/\/deliry.com\/odoclim\/wp-content\/uploads\/2025\/01\/animal_blur_catch_cobweb_creepy_dew_dragonfly_drops-1482119-300x201.jpg 300w, https:\/\/deliry.com\/odoclim\/wp-content\/uploads\/2025\/01\/animal_blur_catch_cobweb_creepy_dew_dragonfly_drops-1482119-1024x684.jpg 1024w, https:\/\/deliry.com\/odoclim\/wp-content\/uploads\/2025\/01\/animal_blur_catch_cobweb_creepy_dew_dragonfly_drops-1482119-768x513.jpg 768w\" sizes=\"auto, (max-width: 1200px) 100vw, 1200px\" \/><\/a><\/figure>\n\n\n\n<p class=\"has-text-color has-link-color has-small-font-size wp-elements-892419636615eff9bdf5e7da717bf943\" style=\"color:#17a085\"><em>Les rencontres Odonates et Climats (Odo&rsquo;Clim), Brin de temp\u00eates se r\u00e9alisent sous forme de remue-m\u00e9ninge (brainstorming) collectif  en visioconf\u00e9rence, de mani\u00e8re \u00e0 rassembler les concepts important sur ce sujet important de l&rsquo;actualit\u00e9.<\/em><\/p>\n\n\n\n<hr class=\"wp-block-separator has-alpha-channel-opacity is-style-dots\"\/>\n\n\n\n<figure id=\"up\" class=\"wp-block-table is-style-stripes\"><table><tbody><tr><td><strong><mark style=\"background-color:rgba(0, 0, 0, 0);color:#ff4a4a\" class=\"has-inline-color\">Bienvenu \u00e0 la Rencontre <em>Odonates et Climats, Brin de temp\u00eates<\/em><\/mark><\/strong><br>1er f\u00e9vrier 2025<\/td><td>Coupez vos micros, levez la main (ic\u00f4ne) pour prendre la parole et pensez \u00e0 r\u00e9-ouvrir votre microphone<\/td><\/tr><tr><td><em><mark style=\"background-color:rgba(0, 0, 0, 0)\" class=\"has-inline-color has-accent-color\">Brin de temp\u00eates (brainstorming)<\/mark><\/em><br>\u2022\u2022\u2022 amorces \u2192<\/td><td>\u2022&nbsp;A suivre&#8230;<\/td><\/tr><tr><td><em><mark style=\"background-color:rgba(0, 0, 0, 0)\" class=\"has-inline-color has-accent-color\">Tiroirs des Odonates<\/mark><\/em><\/td><td>\u2022&nbsp;Habitats aquatiques en manque d\u2019eau<br>\u2022&nbsp;Suivis protocol\u00e9s comme t\u00e9moins<br>\u2022 Tourbi\u00e8res de moyennes montagnes isol\u00e9es et disparitions subites<br>\u2022 Conservation des odonates \u00e0 l\u2019international<\/td><\/tr><tr><td><em><mark style=\"background-color:rgba(0, 0, 0, 0)\" class=\"has-inline-color has-accent-color\">Points forts d\u00e9gag\u00e9s lors de la premi\u00e8re rencontre du 27 novembre 2022<\/mark><\/em><br><em><sub>&#8230; version en bref<\/sub><\/em><\/td><td>\u2022 Fiabilit\u00e9 des donn\u00e9es et des bases<br>\u2022 Facteurs aggravant ou att\u00e9nuant l&rsquo;impact climatique<br>\u2022&nbsp;Analyse complexifi\u00e9e par des ph\u00e9nom\u00e8nes parall\u00e8les<br>\u2022 Protection + Gestion raisonn\u00e9 des ressources en eau<br>\u2022&nbsp;On peut agir sur l&#8217;empreinte humaine<br>\u2022&nbsp;Conservation \u00e0 \u00e9largir \u00e0 l&rsquo;international<br>\u2022&nbsp;Canicules fatales pour des sites isol\u00e9s<br>\u2022 Exp\u00e9rience m\u00e9ridionale vers le nord moins touch\u00e9<br>\u2022&nbsp;Maladies en rapport possible avec les Climats<br>\u2022 N\u00e9cessit\u00e9 de nouvelles rencontres<\/td><\/tr><tr><td><\/td><td><mark style=\"background-color:rgba(0, 0, 0, 0)\" class=\"has-inline-color has-accent-color\">La prochaine rencontre est \u00e0 programmer dans le cadre des journ\u00e9es mondiales des Zones Humides en 2026<\/mark><\/td><\/tr><\/tbody><\/table><\/figure>\n\n\n\n<p class=\"has-very-light-gray-to-cyan-bluish-gray-gradient-background has-background has-medium-font-size\">Th\u00e8mes de discussions suppl\u00e9mentaires<sup> (<a href=\"#up\">up<\/a>)<\/sup><\/p>\n\n\n\n<ul class=\"wp-block-list\">\n<li><a href=\"https:\/\/deliry.com\/odoclim\/?p=215\" data-type=\"post\" data-id=\"215\">R\u00e9f\u00e9rences sur le th\u00e8me Odonates et Climats<\/a><\/li>\n\n\n\n<li>Vous avez un projet Odonates et climats<\/li>\n\n\n\n<li>Vous avez un article en pr\u00e9paration<\/li>\n\n\n\n<li>Quelles solutions pour la conservation des esp\u00e8ces en d\u00e9clin ?<\/li>\n\n\n\n<li>Synth\u00e8se et avis divers<\/li>\n<\/ul>\n\n\n\n<p class=\"has-pale-ocean-gradient-background has-background has-medium-font-size\" id=\"Belgique\">Amorce par Jean-Michel Faton (O&rsquo;donata (GRPLS, LPO), La Selysienne)<sup> (<a href=\"#up\">up<\/a>)<\/sup><\/p>\n\n\n\n<p class=\"has-accent-color has-text-color has-link-color wp-elements-b2091f900210945fb9de948cc9c2b563\"><strong><em>Trithemis annulata<\/em>&nbsp;: Une esp\u00e8ce africaine nouvelle pour la France depuis 1994<\/strong><\/p>\n\n\n\n<p class=\"has-pale-ocean-gradient-background has-background has-medium-font-size\" id=\"Belgique\">Amorce par Cyrille Deliry (La Selysienne)<sup> (<a href=\"#up\">up<\/a>)<\/sup><\/p>\n\n\n\n<ul class=\"wp-block-list\">\n<li><strong><mark style=\"background-color:rgba(0, 0, 0, 0)\" class=\"has-inline-color has-accent-color\">Projet de <em>Lettre \u00e0 Selys <\/em>sur le th\u00e8me des Odo&rsquo;Clim au sujet des id\u00e9es rassembl\u00e9es<\/mark><\/strong><\/li>\n\n\n\n<li>Quelques liens de r\u00e9f\u00e9rence associ\u00e9s aux Odo&rsquo;Clim : <a href=\"https:\/\/www.odonatagallica.com\/?p=1729\"><strong>la <em>Lettre \u00e0 Selys<\/em><\/strong><\/a><em> <\/em>&#8211; <a href=\"https:\/\/www.odonatagallica.com\/?p=395\">Odo&rsquo;Clim (pr\u00e9sentation)<\/a> &#8211; <a href=\"https:\/\/deliry.com\/odoclim\/?p=215\">R\u00e9f\u00e9rences : Odonates et Climats<\/a> &#8211; <a href=\"https:\/\/deliry.com\/odoclim\/?p=231\">Odo&rsquo;Clim 2022<\/a> (<a href=\"https:\/\/www.odonatagallica.com\/?p=941\">Compl\u00e9ments<\/a>) &#8211; <a href=\"https:\/\/deliry.com\/odoclim\/?p=91\">Odo&rsquo;Clim 2024<\/a> (<a href=\"https:\/\/www.odonatagallica.com\/?p=722\">Compte-rendu<\/a>) &#8211; <a href=\"https:\/\/www.odonatagallica.com\/?p=3649\">Odo&rsquo;Clim 2025 : inscriptions<\/a> (<a href=\"https:\/\/www.jagispourlanature.org\/activite\/1er-fevrier-2025-odoclim-2025-odonates-et-climats-webinaire-des-9h30\">Journ\u00e9e mondiale des zones humides 2025<\/a>) &#8211; <a href=\"https:\/\/www.odonatagallica.com\/?p=6205\">Atlas des Tourbi\u00e8res fran\u00e7aise, un projet pour 2025<\/a> &#8211; <a href=\"https:\/\/www.odonates.net\/wow\/index.php\/Changements_climatiques\" target=\"_blank\" rel=\"noreferrer noopener\">Changements climatiques (dossier des Odonates du Monde)<\/a> \u279a &#8211; <a href=\"https:\/\/www.odonatagallica.com\/?p=3928\">Odonates et changements climatiques en Rh\u00f4ne-Alpes : Historique des animations et des actions<\/a> &#8211; <a href=\"https:\/\/www.odonatagallica.com\/?p=441\"><strong>Pr\u00e9paratifs du \u00ab\u00a0Brin de temp\u00eate\u00a0\u00bb : Odonates et Climats<\/strong><\/a> &#8211; <a href=\"https:\/\/www.odonatagallica.com\/?p=3771\">R\u00e9ponse des Libellules aux changements climatiques en Rh\u00f4ne-Alpes<\/a> &#8211; <a href=\"https:\/\/www.odonatagallica.com\/?p=7441\">Sentinelles des changements climatiques : les Leucorrhines d&rsquo;Aquitaine<\/a><\/li>\n<\/ul>\n","protected":false},"excerpt":{"rendered":"<p>Coordination Odo&rsquo;Clim : Cyrille DeliryLa Selysienne \u2192 odonatagallica.com Les rencontres Odonates et Climats (Odo&rsquo;Clim), Brin de temp\u00eates se r\u00e9alisent sous <span class=\"more-text\">&hellip;<\/span><\/p>\n","protected":false},"author":1,"featured_media":0,"comment_status":"closed","ping_status":"","sticky":false,"template":"","format":"standard","meta":{"footnotes":""},"categories":[4],"tags":[],"class_list":["post-210","post","type-post","status-publish","format-standard","hentry","category-rencontre-odoclim"],"_links":{"self":[{"href":"https:\/\/deliry.com\/odoclim\/index.php?rest_route=\/wp\/v2\/posts\/210","targetHints":{"allow":["GET"]}}],"collection":[{"href":"https:\/\/deliry.com\/odoclim\/index.php?rest_route=\/wp\/v2\/posts"}],"about":[{"href":"https:\/\/deliry.com\/odoclim\/index.php?rest_route=\/wp\/v2\/types\/post"}],"author":[{"embeddable":true,"href":"https:\/\/deliry.com\/odoclim\/index.php?rest_route=\/wp\/v2\/users\/1"}],"replies":[{"embeddable":true,"href":"https:\/\/deliry.com\/odoclim\/index.php?rest_route=%2Fwp%2Fv2%2Fcomments&post=210"}],"version-history":[{"count":8,"href":"https:\/\/deliry.com\/odoclim\/index.php?rest_route=\/wp\/v2\/posts\/210\/revisions"}],"predecessor-version":[{"id":244,"href":"https:\/\/deliry.com\/odoclim\/index.php?rest_route=\/wp\/v2\/posts\/210\/revisions\/244"}],"wp:attachment":[{"href":"https:\/\/deliry.com\/odoclim\/index.php?rest_route=%2Fwp%2Fv2%2Fmedia&parent=210"}],"wp:term":[{"taxonomy":"category","embeddable":true,"href":"https:\/\/deliry.com\/odoclim\/index.php?rest_route=%2Fwp%2Fv2%2Fcategories&post=210"},{"taxonomy":"post_tag","embeddable":true,"href":"https:\/\/deliry.com\/odoclim\/index.php?rest_route=%2Fwp%2Fv2%2Ftags&post=210"}],"curies":[{"name":"wp","href":"https:\/\/api.w.org\/{rel}","templated":true}]}}